{"id":4798,"date":"2025-09-04T14:29:15","date_gmt":"2025-09-04T12:29:15","guid":{"rendered":"https:\/\/kingbaudouinstadium.be\/?p=4798"},"modified":"2026-01-14T11:48:36","modified_gmt":"2026-01-14T10:48:36","slug":"allianz-memorial-van-damme-04-09-2026","status":"publish","type":"post","link":"https:\/\/kingbaudouinstadium.be\/index.php\/2025\/09\/04\/allianz-memorial-van-damme-04-09-2026\/?lang=en","title":{"rendered":"Allianz Memorial Van Damme (04-05\/09\/2026)"},"content":{"rendered":"\t\t<div data-elementor-type=\"wp-post\" data-elementor-id=\"4798\" class=\"elementor elementor-4798\">\n\t\t\t\t\t\t<section class=\"elementor-section elementor-top-section elementor-element elementor-element-19a2f7ac elementor-section-boxed elementor-section-height-default elementor-section-height-default\" data-id=\"19a2f7ac\" data-element_type=\"section\">\r\n\t\t\r\n\t\t\t\t\t\t\t<div class=\"elementor-container elementor-column-gap-default\">\r\n\t\t\t\t\t\t\t\t\t\t\t<div class=\"elementor-column elementor-col-100 elementor-top-column elementor-element elementor-element-45297d7\" data-id=\"45297d7\" data-element_type=\"column\">\r\n\t\t\t\t\t<div class=\"elementor-widget-wrap elementor-element-populated\">\r\n\t\t\t\t\t\t\t\t<div class=\"elementor-element elementor-element-232e5bf4 elementor-widget elementor-widget-text-editor\" data-id=\"232e5bf4\" data-element_type=\"widget\" data-widget_type=\"text-editor.default\">\n\t\t\t\t<div class=\"elementor-widget-container\">\n\t\t\t\t\t\t\t<p><!-- wp:paragraph --><\/p>\n<p><strong>Wanda Diamond League<\/strong><\/p>\n<p><!-- \/wp:paragraph --><\/p>\t\t\t\t\t\t<\/div>\n\t\t\t\t<\/div>\n\t\t\t\t\t<\/div>\r\n\t\t\t\t<\/div>\r\n\t\t\t\t\t<\/div>\r\n\t\t\t\t<\/section>\r\n\t\t\t\t<section class=\"elementor-section elementor-top-section elementor-element elementor-element-4237737 elementor-section-boxed elementor-section-height-default elementor-section-height-default\" data-id=\"4237737\" data-element_type=\"section\">\r\n\t\t\r\n\t\t\t\t\t\t\t<div class=\"elementor-container elementor-column-gap-default\">\r\n\t\t\t\t\t\t\t\t\t\t\t<div class=\"elementor-column elementor-col-100 elementor-top-column elementor-element elementor-element-f785fb8\" data-id=\"f785fb8\" data-element_type=\"column\">\r\n\t\t\t\t\t<div class=\"elementor-widget-wrap elementor-element-populated\">\r\n\t\t\t\t\t\t\t\t<div class=\"elementor-element elementor-element-49e94f2 elementor-widget elementor-widget-image\" data-id=\"49e94f2\" data-element_type=\"widget\" data-widget_type=\"image.default\">\n\t\t\t\t<div class=\"elementor-widget-container\">\n\t\t\t\t\t\t\t\t\t\t\t\t\t<img fetchpriority=\"high\" decoding=\"async\" width=\"768\" height=\"432\" src=\"https:\/\/kingbaudouinstadium.be\/wp-content\/uploads\/2025\/09\/stellte-den-naechsten-weltrekord-auf-armand-duplantis-768x432.jpg\" class=\"attachment-medium_large size-medium_large wp-image-5325\" alt=\"\" srcset=\"https:\/\/kingbaudouinstadium.be\/wp-content\/uploads\/2025\/09\/stellte-den-naechsten-weltrekord-auf-armand-duplantis-768x432.jpg 768w, https:\/\/kingbaudouinstadium.be\/wp-content\/uploads\/2025\/09\/stellte-den-naechsten-weltrekord-auf-armand-duplantis-640x360.jpg 640w, https:\/\/kingbaudouinstadium.be\/wp-content\/uploads\/2025\/09\/stellte-den-naechsten-weltrekord-auf-armand-duplantis-400x225.jpg 400w\" sizes=\"(max-width: 768px) 100vw, 768px\" \/>\t\t\t\t\t\t\t\t\t\t\t\t\t<\/div>\n\t\t\t\t<\/div>\n\t\t\t\t<div class=\"elementor-element elementor-element-e9e3017 elementor-widget elementor-widget-text-editor\" data-id=\"e9e3017\" data-element_type=\"widget\" data-widget_type=\"text-editor.default\">\n\t\t\t\t<div class=\"elementor-widget-container\">\n\t\t\t\t\t\t\t<p><!-- wp:paragraph --><\/p>\n<p>The Allianz Memorial Van Damme is an athletics meetings of the highest level which is part of the Wanda Diamond League. <br \/>The Wanda Diamond League encompasses 15 of the most prestigious one day meetings in the world. Brussels will be the 14th meeting in the row on 04 and 05 September 2026. It offers athletes a last chance to score points and to qualify for the Final in Z\u00fcrich, one week later.<\/p>\n<p><!-- \/wp:paragraph --><\/p>\t\t\t\t\t\t<\/div>\n\t\t\t\t<\/div>\n\t\t\t\t\t<\/div>\r\n\t\t\t\t<\/div>\r\n\t\t\t\t\t<\/div>\r\n\t\t\t\t<\/section>\r\n\t\t\t\t<section class=\"elementor-section elementor-top-section elementor-element elementor-element-7ac4b03 elementor-section-boxed elementor-section-height-default elementor-section-height-default\" data-id=\"7ac4b03\" data-element_type=\"section\">\r\n\t\t\r\n\t\t\t\t\t\t\t<div class=\"elementor-container elementor-column-gap-default\">\r\n\t\t\t\t\t\t\t\t\t\t\t<div class=\"elementor-column elementor-col-100 elementor-top-column elementor-element elementor-element-99ae3f8\" data-id=\"99ae3f8\" data-element_type=\"column\">\r\n\t\t\t\t\t<div class=\"elementor-widget-wrap elementor-element-populated\">\r\n\t\t\t\t\t\t\t\t<div class=\"elementor-element elementor-element-455f228 elementor-widget elementor-widget-toggle\" data-id=\"455f228\" data-element_type=\"widget\" data-widget_type=\"toggle.default\">\n\t\t\t\t<div class=\"elementor-widget-container\">\n\t\t\t\t\t<div class=\"elementor-toggle\">\n\t\t\t\t\t\t\t<div class=\"elementor-toggle-item\">\n\t\t\t\t\t<div id=\"elementor-tab-title-7271\" class=\"elementor-tab-title\" data-tab=\"1\" role=\"button\" aria-controls=\"elementor-tab-content-7271\" aria-expanded=\"false\">\n\t\t\t\t\t\t\t\t\t\t\t\t<span class=\"elementor-toggle-icon elementor-toggle-icon-left\" aria-hidden=\"true\">\n\t\t\t\t\t\t\t\t\t\t\t\t\t\t\t<span class=\"elementor-toggle-icon-closed\"><i class=\"fas fa-caret-right\"><\/i><\/span>\n\t\t\t\t\t\t\t\t<span class=\"elementor-toggle-icon-opened\"><i class=\"elementor-toggle-icon-opened fas fa-caret-up\"><\/i><\/span>\n\t\t\t\t\t\t\t\t\t\t\t\t\t<\/span>\n\t\t\t\t\t\t\t\t\t\t\t\t<a class=\"elementor-toggle-title\" tabindex=\"0\">Tickets<\/a>\n\t\t\t\t\t<\/div>\n\n\t\t\t\t\t<div id=\"elementor-tab-content-7271\" class=\"elementor-tab-content elementor-clearfix\" data-tab=\"1\" role=\"region\" aria-labelledby=\"elementor-tab-title-7271\"><p>More details coming soon<\/p><\/div>\n\t\t\t\t<\/div>\n\t\t\t\t\t\t\t<div class=\"elementor-toggle-item\">\n\t\t\t\t\t<div id=\"elementor-tab-title-7272\" class=\"elementor-tab-title\" data-tab=\"2\" role=\"button\" aria-controls=\"elementor-tab-content-7272\" aria-expanded=\"false\">\n\t\t\t\t\t\t\t\t\t\t\t\t<span class=\"elementor-toggle-icon elementor-toggle-icon-left\" aria-hidden=\"true\">\n\t\t\t\t\t\t\t\t\t\t\t\t\t\t\t<span class=\"elementor-toggle-icon-closed\"><i class=\"fas fa-caret-right\"><\/i><\/span>\n\t\t\t\t\t\t\t\t<span class=\"elementor-toggle-icon-opened\"><i class=\"elementor-toggle-icon-opened fas fa-caret-up\"><\/i><\/span>\n\t\t\t\t\t\t\t\t\t\t\t\t\t<\/span>\n\t\t\t\t\t\t\t\t\t\t\t\t<a class=\"elementor-toggle-title\" tabindex=\"0\">Schedule<\/a>\n\t\t\t\t\t<\/div>\n\n\t\t\t\t\t<div id=\"elementor-tab-content-7272\" class=\"elementor-tab-content elementor-clearfix\" data-tab=\"2\" role=\"region\" aria-labelledby=\"elementor-tab-title-7272\"><p>More details coming soon<\/p><\/div>\n\t\t\t\t<\/div>\n\t\t\t\t\t\t\t<div class=\"elementor-toggle-item\">\n\t\t\t\t\t<div id=\"elementor-tab-title-7273\" class=\"elementor-tab-title\" data-tab=\"3\" role=\"button\" aria-controls=\"elementor-tab-content-7273\" aria-expanded=\"false\">\n\t\t\t\t\t\t\t\t\t\t\t\t<span class=\"elementor-toggle-icon elementor-toggle-icon-left\" aria-hidden=\"true\">\n\t\t\t\t\t\t\t\t\t\t\t\t\t\t\t<span class=\"elementor-toggle-icon-closed\"><i class=\"fas fa-caret-right\"><\/i><\/span>\n\t\t\t\t\t\t\t\t<span class=\"elementor-toggle-icon-opened\"><i class=\"elementor-toggle-icon-opened fas fa-caret-up\"><\/i><\/span>\n\t\t\t\t\t\t\t\t\t\t\t\t\t<\/span>\n\t\t\t\t\t\t\t\t\t\t\t\t<a class=\"elementor-toggle-title\" tabindex=\"0\">People with Reduced Mobility<\/a>\n\t\t\t\t\t<\/div>\n\n\t\t\t\t\t<div id=\"elementor-tab-content-7273\" class=\"elementor-tab-content elementor-clearfix\" data-tab=\"3\" role=\"region\" aria-labelledby=\"elementor-tab-title-7273\"><p>The organizers of the Allianz Memorial Van Damme, together with INTER, are making every effort to make the event accessible to everyone. That is why it also carries the label \u201caccessible events 2025.\u201d<\/p>\n<p>The following facilities are provided:<\/p>\n<ul>\n<li>Specific places for people with disabilities. Please reserve these via <a href=\"mailto:info@memorialvandamme.be\">info@memorialvandamme.be<\/a>.<\/li>\n<li>Reserved parking spaces.<\/li>\n<li>Accessible restrooms.<\/li>\n<li>Inter volunteers are responsible for welcoming and assisting people with disabilities (with restrooms, food and drinks, etc.). Please do not hesitate to speak to an assistant on site. They can be recognized by their white vests with the Inter logo.<\/li>\n<\/ul>\n<p>Do you have any questions about assistance or accessibility? If so, you can always contact Inter at <a href=\"mailto:memorial@inter.vlaanderen\">memorial@inter.vlaanderen<\/a>. Specific tickets must be purchased yourself via <a href=\"mailto:info@memorialvandamme.be\">info@memorialvandamme.be<\/a>.<\/p><\/div>\n\t\t\t\t<\/div>\n\t\t\t\t\t\t\t<div class=\"elementor-toggle-item\">\n\t\t\t\t\t<div id=\"elementor-tab-title-7274\" class=\"elementor-tab-title\" data-tab=\"4\" role=\"button\" aria-controls=\"elementor-tab-content-7274\" aria-expanded=\"false\">\n\t\t\t\t\t\t\t\t\t\t\t\t<span class=\"elementor-toggle-icon elementor-toggle-icon-left\" aria-hidden=\"true\">\n\t\t\t\t\t\t\t\t\t\t\t\t\t\t\t<span class=\"elementor-toggle-icon-closed\"><i class=\"fas fa-caret-right\"><\/i><\/span>\n\t\t\t\t\t\t\t\t<span class=\"elementor-toggle-icon-opened\"><i class=\"elementor-toggle-icon-opened fas fa-caret-up\"><\/i><\/span>\n\t\t\t\t\t\t\t\t\t\t\t\t\t<\/span>\n\t\t\t\t\t\t\t\t\t\t\t\t<a class=\"elementor-toggle-title\" tabindex=\"0\">Accessibility<\/a>\n\t\t\t\t\t<\/div>\n\n\t\t\t\t\t<div id=\"elementor-tab-content-7274\" class=\"elementor-tab-content elementor-clearfix\" data-tab=\"4\" role=\"region\" aria-labelledby=\"elementor-tab-title-7274\"><p><a href=\"https:\/\/kingbaudouinstadium.be\/wp-content\/uploads\/2025\/08\/Site-map-MVD2025.png\"><img decoding=\"async\" class=\"alignnone wp-image-5239 size-medium\" src=\"https:\/\/kingbaudouinstadium.be\/wp-content\/uploads\/2025\/08\/Site-map-MVD2025-300x300.png\" alt=\"\" width=\"300\" height=\"300\" \/><\/a><\/p>\n<p>We advise everyone to use public transport as much as possible. Hereunder you will find all the tips &amp; tricks on how to get to the King Baudouin Stadium in the easiest way by train, tram or metro.<\/p>\n<p>If you do come by car, make sure you leave early because of the heavy traffic on the Brussels ring road and around the King Baudouin Stadium on a Friday evening.<\/p>\n<p><strong>\u00a0<\/strong><strong>You are coming by bike<br \/><\/strong>If you are coming to the King Baudouin Stadium by bike, you can leave it in our bike park on the Victor Boin stadium, right next to the stadium. The entrance to the bicycle parking is on the Houba De Strooperlaan.<\/p>\n<p><strong>\u00a0<\/strong><strong>You\u2019re travelling by train (SNCB\/NMBS)<\/strong><br \/>It is no longer possible to get directly to the stadium from the Brussels central train station. Therefore we recommend everyone to take the train to Brussels-South and change to the metro line 6 heading to the King Baudouin stadium (direction Koning Boudewijn), which will take you there directly. <br \/><a href=\"https:\/\/www.belgiantrain.be\/en\" target=\"_blank\" rel=\"noopener\">Tickets SNCB\/NMBS<\/a><\/p>\n<p><strong>You\u2019re travelling by metro (STIB\/MIVB)<br \/><\/strong>Metro line 6 (direction Roi Baudouin) takes you directly to the stadium.\u00a0<\/p>\n<p>Where you can get off best depends on the location of your ticket:<\/p>\n<ul>\n<li>You have a tribune 1 or tribune 2 ticket: get off at stop \u201cHouba-Brugmann\u201d.<\/li>\n<li>You have a tribune 3 ticket: Get off at stop \u201cHeysel\u201d.<\/li>\n<li>You have a tribune 4 ticket: get off at stop \u201cKoning Boudewijn\u201d.<\/li>\n<\/ul>\n<p><a href=\"https:\/\/www.stib-mivb.be\/home\" target=\"_blank\" rel=\"noopener\">Tickets STIB\/MIVB<\/a><\/p>\n<p><strong>You\u2019re travelling by car<\/strong><\/p>\n<ul>\n<li><strong>You\u2019re travelling via the E40 (Li\u00e8ge, Louvain) or the E19 (Antwerp): <\/strong>In this case you\u2019re travelling via the Brussels ring and you can best continue driving to \u201cParking expo\u201d (exit 7a) where you can leave your car behind for \u20ac10 and from there on continue walking to the stadium.<\/li>\n<li><strong>You\u2019re travelling via the A12 (Antwerp): <\/strong>In this case you can best continue driving to \u201cParking expo\u201d (exit 7a) where you can leave your car behind for \u20ac10 and from there on continue walking to the stadium.<\/li>\n<li><strong>You\u2019re travelling via the E19 (Mons, Paris):<\/strong>\n<ul>\n<li>You\u2019re taking exit \u201cSint-Pieters Leeuw\u201d: It is best to park your car at Metro \u201cCeria\u201d. From there out you take metro 5 (direction Hermann Debroux) and you get off at stop \u201cBeekkant\u201d. There you change to metro 6 (direction Koning Boudewijn). The stop you get off at depends on the location of your ticket.<\/li>\n<li>You\u2019re taking exit \u201cLennik\u201d: You can park at the second roundabout, and take metro 5 (direction Hermann Debroux) at the metrostation \u201cErasmus\u201d, and get off at stop \u201cBeekkant\u201d. There you change to metro 6 (direction Koning Boudewijn). The stop you get off at depends on the location of your ticket.<\/li>\n<\/ul>\n<\/li>\n<\/ul>\n<p><strong>Buy your parking ticket for Parking C in advance<br \/><\/strong>Spectators can reserve a parking ticket for parking C in advance via the following link: <a href=\"https:\/\/parking.tickets.brussels-expo.com\/schedule?language=en\" target=\"_blank\" rel=\"noopener\"><strong>https:\/\/parking.tickets.brussels-expo.com\/schedule?language=en.<\/strong><br \/><\/a>It will save a lot of time at the entrance of the parking lot.<\/p><\/div>\n\t\t\t\t<\/div>\n\t\t\t\t\t\t\t<div class=\"elementor-toggle-item\">\n\t\t\t\t\t<div id=\"elementor-tab-title-7275\" class=\"elementor-tab-title\" data-tab=\"5\" role=\"button\" aria-controls=\"elementor-tab-content-7275\" aria-expanded=\"false\">\n\t\t\t\t\t\t\t\t\t\t\t\t<span class=\"elementor-toggle-icon elementor-toggle-icon-left\" aria-hidden=\"true\">\n\t\t\t\t\t\t\t\t\t\t\t\t\t\t\t<span class=\"elementor-toggle-icon-closed\"><i class=\"fas fa-caret-right\"><\/i><\/span>\n\t\t\t\t\t\t\t\t<span class=\"elementor-toggle-icon-opened\"><i class=\"elementor-toggle-icon-opened fas fa-caret-up\"><\/i><\/span>\n\t\t\t\t\t\t\t\t\t\t\t\t\t<\/span>\n\t\t\t\t\t\t\t\t\t\t\t\t<a class=\"elementor-toggle-title\" tabindex=\"0\">Prohibited items<\/a>\n\t\t\t\t\t<\/div>\n\n\t\t\t\t\t<div id=\"elementor-tab-content-7275\" class=\"elementor-tab-content elementor-clearfix\" data-tab=\"5\" role=\"region\" aria-labelledby=\"elementor-tab-title-7275\"><p>List of items prohibited in the stadium:<\/p>\n<ul>\n<li>All types of bag larger than A4 (&gt;30l) \u2013 rucksack, hiking bag, sports bag, suitcase, etc.<\/li>\n<li>All drinks (bottle, glass, cans, with the exception of water in plastic bottles of up to 0.5 litres without cap) purchased outside the stadium.<\/li>\n<li>All types of food purchased outside the stadium.<\/li>\n<li>Selfie poles, laptops, tablets, cameras with interchangeable lenses, video and\/or audio recording devices, GoPro or similar cameras and drones (only compact cameras without removable lenses are permitted).<\/li>\n<\/ul>\n<ul>\n<li>Banners, insignia, badges, leaflets or any other material intended to be seen by third parties for political, ideological, philosophical or commercial purposes or of a racist or xenophobic nature. Only small-format flags or signs are accepted (dimensions vary depending on the type of event, more tolerated at sporting events, please contact the event organiser for further details).<\/li>\n<\/ul>\n<ul>\n<li>Pushchairs, prams, cots, skateboards, roller blades, bikes, etc.<\/li>\n<li>Large umbrellas with a pointed metal section.<\/li>\n<\/ul>\n<ul>\n<li>All types of animals, except guide dogs (to be indicated when purchasing the ticket)<\/li>\n<\/ul>\n<ul>\n<li>All types of pyrotechnic objects: flares, flammable or explosive materials, fireworks, torches, firecrackers, etc.<\/li>\n<\/ul>\n<ul>\n<li>Any type of drugs, hallucinogens or laughing gas cartridge.<\/li>\n<\/ul>\n<ul>\n<li>Any dangerous object that could cause bruising or cuts: firearms, bladed weapons, sticks, chains, striking weapons, piercing weapons or stabbing weapons, etc.<\/li>\n<li>Megaphones, vuvuzelas or any noisy musical instrument (more tolerated at sporting events, please contact the event organiser for further details)\u00a0<\/li>\n<li>Chairs (folding or not)<\/li>\n<li>Walkie-talkies<\/li>\n<li>Laser pens<\/li>\n<li>Paper shavings and confetti<\/li>\n<li>Aerosols<\/li>\n<\/ul>\n<p>Smoking is not permitted in the King Baudouin Stadium.\u00a0 Electronic cigarettes are also banned.<\/p><\/div>\n\t\t\t\t<\/div>\n\t\t\t\t\t\t\t\t<\/div>\n\t\t\t\t<\/div>\n\t\t\t\t<\/div>\n\t\t\t\t\t<\/div>\r\n\t\t\t\t<\/div>\r\n\t\t\t\t\t<\/div>\r\n\t\t\t\t<\/section>\r\n\t\t\t\t<section class=\"elementor-section elementor-top-section elementor-element elementor-element-c37adb8 elementor-section-boxed elementor-section-height-default elementor-section-height-default\" data-id=\"c37adb8\" data-element_type=\"section\">\r\n\t\t\r\n\t\t\t\t\t\t\t<div class=\"elementor-container elementor-column-gap-default\">\r\n\t\t\t\t\t\t\t\t\t\t\t<div class=\"elementor-column elementor-col-100 elementor-top-column elementor-element elementor-element-559aca1\" data-id=\"559aca1\" data-element_type=\"column\">\r\n\t\t\t\t\t<div class=\"elementor-widget-wrap elementor-element-populated\">\r\n\t\t\t\t\t\t\t\t<div class=\"elementor-element elementor-element-f6afd4d elementor-widget elementor-widget-text-editor\" data-id=\"f6afd4d\" data-element_type=\"widget\" data-widget_type=\"text-editor.default\">\n\t\t\t\t<div class=\"elementor-widget-container\">\n\t\t\t\t\t\t\t<p><strong>Event organiser: <\/strong><a href=\"https:\/\/www.golazo.com\/\" target=\"_blank\" rel=\"noopener\"><strong>Golazo<\/strong><\/a><br \/>If you have any questions about this event (tickets, schedule, accessibility, etc.), please contact the organisers directly : <br \/>G\u00e9n\u00e9ral: +32 2 474 72 30<br \/>Tickets: +32 2 478 20 25<br \/>e-mail: <a href=\"https:\/\/brussels.diamondleague.com\/fr\/infos\/infos-meeting\/linkTo_UnCryptMailto(%27nbjmup%2BjogpAnfnpsjbmwboebnnf%5C%2Fcf%27);\">info@memorialvandamme.be<\/a><\/p>\n<p>For all practical information about the Allianz Van Damme Memorial <a href=\"https:\/\/brussels.diamondleague.com\/en\/\" target=\"_blank\" rel=\"noopener\">click here<\/a><\/p>\t\t\t\t\t\t<\/div>\n\t\t\t\t<\/div>\n\t\t\t\t\t<\/div>\r\n\t\t\t\t<\/div>\r\n\t\t\t\t\t<\/div>\r\n\t\t\t\t<\/section>\r\n\t\t\t\t<\/div>\n\t\t","protected":false},"excerpt":{"rendered":"<p>Wanda Diamond League The Allianz Memorial Van Damme is an athletics meetings of the highest level which is part of the Wanda Diamond League. The Wanda Diamond League encompasses 15 of the most prestigious one day meetings in the world. Brussels will be the 14th meeting in the row on 04 and 05 September 2026. [&hellip;]<\/p>\n","protected":false},"author":1,"featured_media":4785,"comment_status":"closed","ping_status":"open","sticky":false,"template":"","format":"standard","meta":{"_monsterinsights_skip_tracking":false,"_monsterinsights_sitenote_active":false,"_monsterinsights_sitenote_note":"","_monsterinsights_sitenote_category":0,"footnotes":""},"categories":[15],"tags":[],"class_list":["post-4798","post","type-post","status-publish","format-standard","has-post-thumbnail","hentry","category-athletics"],"featured_image_src":{"landsacpe":["https:\/\/kingbaudouinstadium.be\/wp-content\/uploads\/2024\/08\/Vignette-MVD2025-300x300-1.png",300,300,false],"list":["https:\/\/kingbaudouinstadium.be\/wp-content\/uploads\/2024\/08\/Vignette-MVD2025-300x300-1.png",300,300,false],"medium":["https:\/\/kingbaudouinstadium.be\/wp-content\/uploads\/2024\/08\/Vignette-MVD2025-300x300-1.png",300,300,false],"full":["https:\/\/kingbaudouinstadium.be\/wp-content\/uploads\/2024\/08\/Vignette-MVD2025-300x300-1.png",300,300,false]},"yoast_head":"<!-- This site is optimized with the Yoast SEO plugin v23.6 - https:\/\/yoast.com\/wordpress\/plugins\/seo\/ -->\n<title>Allianz Memorial Van Damme (04-05\/09\/2026) - King Baudouin Stadium<\/title>\n<meta name=\"robots\" content=\"index, follow, max-snippet:-1, max-image-preview:large, max-video-preview:-1\" \/>\n<link rel=\"canonical\" href=\"https:\/\/kingbaudouinstadium.be\/index.php\/2025\/09\/04\/allianz-memorial-van-damme-04-09-2026\/\" \/>\n<meta property=\"og:locale\" content=\"fr_FR\" \/>\n<meta property=\"og:type\" content=\"article\" \/>\n<meta property=\"og:title\" content=\"Allianz Memorial Van Damme (04-05\/09\/2026) - King Baudouin Stadium\" \/>\n<meta property=\"og:description\" content=\"Wanda Diamond League The Allianz Memorial Van Damme is an athletics meetings of the highest level which is part of the Wanda Diamond League. The Wanda Diamond League encompasses 15 of the most prestigious one day meetings in the world. Brussels will be the 14th meeting in the row on 04 and 05 September 2026. [&hellip;]\" \/>\n<meta property=\"og:url\" content=\"https:\/\/kingbaudouinstadium.be\/index.php\/2025\/09\/04\/allianz-memorial-van-damme-04-09-2026\/?lang=en\" \/>\n<meta property=\"og:site_name\" content=\"King Baudouin Stadium\" \/>\n<meta property=\"article:publisher\" content=\"https:\/\/www.facebook.com\/StadeRoiBaudouin.KoningBoudewijnStadion\" \/>\n<meta property=\"article:published_time\" content=\"2025-09-04T12:29:15+00:00\" \/>\n<meta property=\"article:modified_time\" content=\"2026-01-14T10:48:36+00:00\" \/>\n<meta property=\"og:image\" content=\"https:\/\/kingbaudouinstadium.be\/wp-content\/uploads\/2024\/08\/Vignette-MVD2025-300x300-1.png\" \/>\n\t<meta property=\"og:image:width\" content=\"300\" \/>\n\t<meta property=\"og:image:height\" content=\"300\" \/>\n\t<meta property=\"og:image:type\" content=\"image\/png\" \/>\n<meta name=\"author\" content=\"communication\" \/>\n<meta name=\"twitter:card\" content=\"summary_large_image\" \/>\n<meta name=\"twitter:label1\" content=\"\u00c9crit par\" \/>\n\t<meta name=\"twitter:data1\" content=\"communication\" \/>\n\t<meta name=\"twitter:label2\" content=\"Dur\u00e9e de lecture estim\u00e9e\" \/>\n\t<meta name=\"twitter:data2\" content=\"5 minutes\" \/>\n<script type=\"application\/ld+json\" class=\"yoast-schema-graph\">{\"@context\":\"https:\/\/schema.org\",\"@graph\":[{\"@type\":\"Article\",\"@id\":\"https:\/\/kingbaudouinstadium.be\/index.php\/2025\/09\/04\/allianz-memorial-van-damme-04-09-2026\/?lang=en#article\",\"isPartOf\":{\"@id\":\"https:\/\/kingbaudouinstadium.be\/index.php\/2025\/09\/04\/allianz-memorial-van-damme-04-09-2026\/?lang=en\"},\"author\":{\"name\":\"communication\",\"@id\":\"https:\/\/kingbaudouinstadium.be\/#\/schema\/person\/76285b006f4f9d75389a8e071d710c5f\"},\"headline\":\"Allianz Memorial Van Damme (04-05\/09\/2026)\",\"datePublished\":\"2025-09-04T12:29:15+00:00\",\"dateModified\":\"2026-01-14T10:48:36+00:00\",\"mainEntityOfPage\":{\"@id\":\"https:\/\/kingbaudouinstadium.be\/index.php\/2025\/09\/04\/allianz-memorial-van-damme-04-09-2026\/?lang=en\"},\"wordCount\":1007,\"publisher\":{\"@id\":\"https:\/\/kingbaudouinstadium.be\/#organization\"},\"image\":{\"@id\":\"https:\/\/kingbaudouinstadium.be\/index.php\/2025\/09\/04\/allianz-memorial-van-damme-04-09-2026\/?lang=en#primaryimage\"},\"thumbnailUrl\":\"https:\/\/kingbaudouinstadium.be\/wp-content\/uploads\/2024\/08\/Vignette-MVD2025-300x300-1.png\",\"articleSection\":[\"Athletics\"],\"inLanguage\":\"fr-FR\"},{\"@type\":\"WebPage\",\"@id\":\"https:\/\/kingbaudouinstadium.be\/index.php\/2025\/09\/04\/allianz-memorial-van-damme-04-09-2026\/?lang=en\",\"url\":\"https:\/\/kingbaudouinstadium.be\/index.php\/2025\/09\/04\/allianz-memorial-van-damme-04-09-2026\/?lang=en\",\"name\":\"Allianz Memorial Van Damme (04-05\/09\/2026) - King Baudouin Stadium\",\"isPartOf\":{\"@id\":\"https:\/\/kingbaudouinstadium.be\/#website\"},\"primaryImageOfPage\":{\"@id\":\"https:\/\/kingbaudouinstadium.be\/index.php\/2025\/09\/04\/allianz-memorial-van-damme-04-09-2026\/?lang=en#primaryimage\"},\"image\":{\"@id\":\"https:\/\/kingbaudouinstadium.be\/index.php\/2025\/09\/04\/allianz-memorial-van-damme-04-09-2026\/?lang=en#primaryimage\"},\"thumbnailUrl\":\"https:\/\/kingbaudouinstadium.be\/wp-content\/uploads\/2024\/08\/Vignette-MVD2025-300x300-1.png\",\"datePublished\":\"2025-09-04T12:29:15+00:00\",\"dateModified\":\"2026-01-14T10:48:36+00:00\",\"breadcrumb\":{\"@id\":\"https:\/\/kingbaudouinstadium.be\/index.php\/2025\/09\/04\/allianz-memorial-van-damme-04-09-2026\/?lang=en#breadcrumb\"},\"inLanguage\":\"fr-FR\",\"potentialAction\":[{\"@type\":\"ReadAction\",\"target\":[\"https:\/\/kingbaudouinstadium.be\/index.php\/2025\/09\/04\/allianz-memorial-van-damme-04-09-2026\/?lang=en\"]}]},{\"@type\":\"ImageObject\",\"inLanguage\":\"fr-FR\",\"@id\":\"https:\/\/kingbaudouinstadium.be\/index.php\/2025\/09\/04\/allianz-memorial-van-damme-04-09-2026\/?lang=en#primaryimage\",\"url\":\"https:\/\/kingbaudouinstadium.be\/wp-content\/uploads\/2024\/08\/Vignette-MVD2025-300x300-1.png\",\"contentUrl\":\"https:\/\/kingbaudouinstadium.be\/wp-content\/uploads\/2024\/08\/Vignette-MVD2025-300x300-1.png\",\"width\":300,\"height\":300},{\"@type\":\"BreadcrumbList\",\"@id\":\"https:\/\/kingbaudouinstadium.be\/index.php\/2025\/09\/04\/allianz-memorial-van-damme-04-09-2026\/?lang=en#breadcrumb\",\"itemListElement\":[{\"@type\":\"ListItem\",\"position\":1,\"name\":\"Home\",\"item\":\"https:\/\/kingbaudouinstadium.be\/\"},{\"@type\":\"ListItem\",\"position\":2,\"name\":\"Allianz Memorial Van Damme (04-05\/09\/2026)\"}]},{\"@type\":\"WebSite\",\"@id\":\"https:\/\/kingbaudouinstadium.be\/#website\",\"url\":\"https:\/\/kingbaudouinstadium.be\/\",\"name\":\"King Baudouin Stadium\",\"description\":\"The Stadium To Feel\",\"publisher\":{\"@id\":\"https:\/\/kingbaudouinstadium.be\/#organization\"},\"potentialAction\":[{\"@type\":\"SearchAction\",\"target\":{\"@type\":\"EntryPoint\",\"urlTemplate\":\"https:\/\/kingbaudouinstadium.be\/?s={search_term_string}\"},\"query-input\":{\"@type\":\"PropertyValueSpecification\",\"valueRequired\":true,\"valueName\":\"search_term_string\"}}],\"inLanguage\":\"fr-FR\"},{\"@type\":\"Organization\",\"@id\":\"https:\/\/kingbaudouinstadium.be\/#organization\",\"name\":\"King Baudouin Stadium\",\"url\":\"https:\/\/kingbaudouinstadium.be\/\",\"logo\":{\"@type\":\"ImageObject\",\"inLanguage\":\"fr-FR\",\"@id\":\"https:\/\/kingbaudouinstadium.be\/#\/schema\/logo\/image\/\",\"url\":\"https:\/\/kingbaudouinstadium.be\/wp-content\/uploads\/2023\/03\/Logo_King_Baudouin_B_Black.png\",\"contentUrl\":\"https:\/\/kingbaudouinstadium.be\/wp-content\/uploads\/2023\/03\/Logo_King_Baudouin_B_Black.png\",\"width\":1486,\"height\":2294,\"caption\":\"King Baudouin Stadium\"},\"image\":{\"@id\":\"https:\/\/kingbaudouinstadium.be\/#\/schema\/logo\/image\/\"},\"sameAs\":[\"https:\/\/www.facebook.com\/StadeRoiBaudouin.KoningBoudewijnStadion\",\"https:\/\/www.instagram.com\/kingbaudouinstadium\/\"]},{\"@type\":\"Person\",\"@id\":\"https:\/\/kingbaudouinstadium.be\/#\/schema\/person\/76285b006f4f9d75389a8e071d710c5f\",\"name\":\"communication\",\"image\":{\"@type\":\"ImageObject\",\"inLanguage\":\"fr-FR\",\"@id\":\"https:\/\/kingbaudouinstadium.be\/#\/schema\/person\/image\/\",\"url\":\"https:\/\/secure.gravatar.com\/avatar\/3586808fd6c8ff797e026c8717d3e320?s=96&d=mm&r=g\",\"contentUrl\":\"https:\/\/secure.gravatar.com\/avatar\/3586808fd6c8ff797e026c8717d3e320?s=96&d=mm&r=g\",\"caption\":\"communication\"},\"sameAs\":[\"https:\/\/kingbaudouinstadium.be\"],\"url\":\"https:\/\/kingbaudouinstadium.be\/index.php\/author\/communication\/\"}]}<\/script>\n<!-- \/ Yoast SEO plugin. -->","yoast_head_json":{"title":"Allianz Memorial Van Damme (04-05\/09\/2026) - King Baudouin Stadium","robots":{"index":"index","follow":"follow","max-snippet":"max-snippet:-1","max-image-preview":"max-image-preview:large","max-video-preview":"max-video-preview:-1"},"canonical":"https:\/\/kingbaudouinstadium.be\/index.php\/2025\/09\/04\/allianz-memorial-van-damme-04-09-2026\/","og_locale":"fr_FR","og_type":"article","og_title":"Allianz Memorial Van Damme (04-05\/09\/2026) - King Baudouin Stadium","og_description":"Wanda Diamond League The Allianz Memorial Van Damme is an athletics meetings of the highest level which is part of the Wanda Diamond League. The Wanda Diamond League encompasses 15 of the most prestigious one day meetings in the world. Brussels will be the 14th meeting in the row on 04 and 05 September 2026. [&hellip;]","og_url":"https:\/\/kingbaudouinstadium.be\/index.php\/2025\/09\/04\/allianz-memorial-van-damme-04-09-2026\/?lang=en","og_site_name":"King Baudouin Stadium","article_publisher":"https:\/\/www.facebook.com\/StadeRoiBaudouin.KoningBoudewijnStadion","article_published_time":"2025-09-04T12:29:15+00:00","article_modified_time":"2026-01-14T10:48:36+00:00","og_image":[{"width":300,"height":300,"url":"https:\/\/kingbaudouinstadium.be\/wp-content\/uploads\/2024\/08\/Vignette-MVD2025-300x300-1.png","type":"image\/png"}],"author":"communication","twitter_card":"summary_large_image","twitter_misc":{"\u00c9crit par":"communication","Dur\u00e9e de lecture estim\u00e9e":"5 minutes"},"schema":{"@context":"https:\/\/schema.org","@graph":[{"@type":"Article","@id":"https:\/\/kingbaudouinstadium.be\/index.php\/2025\/09\/04\/allianz-memorial-van-damme-04-09-2026\/?lang=en#article","isPartOf":{"@id":"https:\/\/kingbaudouinstadium.be\/index.php\/2025\/09\/04\/allianz-memorial-van-damme-04-09-2026\/?lang=en"},"author":{"name":"communication","@id":"https:\/\/kingbaudouinstadium.be\/#\/schema\/person\/76285b006f4f9d75389a8e071d710c5f"},"headline":"Allianz Memorial Van Damme (04-05\/09\/2026)","datePublished":"2025-09-04T12:29:15+00:00","dateModified":"2026-01-14T10:48:36+00:00","mainEntityOfPage":{"@id":"https:\/\/kingbaudouinstadium.be\/index.php\/2025\/09\/04\/allianz-memorial-van-damme-04-09-2026\/?lang=en"},"wordCount":1007,"publisher":{"@id":"https:\/\/kingbaudouinstadium.be\/#organization"},"image":{"@id":"https:\/\/kingbaudouinstadium.be\/index.php\/2025\/09\/04\/allianz-memorial-van-damme-04-09-2026\/?lang=en#primaryimage"},"thumbnailUrl":"https:\/\/kingbaudouinstadium.be\/wp-content\/uploads\/2024\/08\/Vignette-MVD2025-300x300-1.png","articleSection":["Athletics"],"inLanguage":"fr-FR"},{"@type":"WebPage","@id":"https:\/\/kingbaudouinstadium.be\/index.php\/2025\/09\/04\/allianz-memorial-van-damme-04-09-2026\/?lang=en","url":"https:\/\/kingbaudouinstadium.be\/index.php\/2025\/09\/04\/allianz-memorial-van-damme-04-09-2026\/?lang=en","name":"Allianz Memorial Van Damme (04-05\/09\/2026) - King Baudouin Stadium","isPartOf":{"@id":"https:\/\/kingbaudouinstadium.be\/#website"},"primaryImageOfPage":{"@id":"https:\/\/kingbaudouinstadium.be\/index.php\/2025\/09\/04\/allianz-memorial-van-damme-04-09-2026\/?lang=en#primaryimage"},"image":{"@id":"https:\/\/kingbaudouinstadium.be\/index.php\/2025\/09\/04\/allianz-memorial-van-damme-04-09-2026\/?lang=en#primaryimage"},"thumbnailUrl":"https:\/\/kingbaudouinstadium.be\/wp-content\/uploads\/2024\/08\/Vignette-MVD2025-300x300-1.png","datePublished":"2025-09-04T12:29:15+00:00","dateModified":"2026-01-14T10:48:36+00:00","breadcrumb":{"@id":"https:\/\/kingbaudouinstadium.be\/index.php\/2025\/09\/04\/allianz-memorial-van-damme-04-09-2026\/?lang=en#breadcrumb"},"inLanguage":"fr-FR","potentialAction":[{"@type":"ReadAction","target":["https:\/\/kingbaudouinstadium.be\/index.php\/2025\/09\/04\/allianz-memorial-van-damme-04-09-2026\/?lang=en"]}]},{"@type":"ImageObject","inLanguage":"fr-FR","@id":"https:\/\/kingbaudouinstadium.be\/index.php\/2025\/09\/04\/allianz-memorial-van-damme-04-09-2026\/?lang=en#primaryimage","url":"https:\/\/kingbaudouinstadium.be\/wp-content\/uploads\/2024\/08\/Vignette-MVD2025-300x300-1.png","contentUrl":"https:\/\/kingbaudouinstadium.be\/wp-content\/uploads\/2024\/08\/Vignette-MVD2025-300x300-1.png","width":300,"height":300},{"@type":"BreadcrumbList","@id":"https:\/\/kingbaudouinstadium.be\/index.php\/2025\/09\/04\/allianz-memorial-van-damme-04-09-2026\/?lang=en#breadcrumb","itemListElement":[{"@type":"ListItem","position":1,"name":"Home","item":"https:\/\/kingbaudouinstadium.be\/"},{"@type":"ListItem","position":2,"name":"Allianz Memorial Van Damme (04-05\/09\/2026)"}]},{"@type":"WebSite","@id":"https:\/\/kingbaudouinstadium.be\/#website","url":"https:\/\/kingbaudouinstadium.be\/","name":"King Baudouin Stadium","description":"The Stadium To Feel","publisher":{"@id":"https:\/\/kingbaudouinstadium.be\/#organization"},"potentialAction":[{"@type":"SearchAction","target":{"@type":"EntryPoint","urlTemplate":"https:\/\/kingbaudouinstadium.be\/?s={search_term_string}"},"query-input":{"@type":"PropertyValueSpecification","valueRequired":true,"valueName":"search_term_string"}}],"inLanguage":"fr-FR"},{"@type":"Organization","@id":"https:\/\/kingbaudouinstadium.be\/#organization","name":"King Baudouin Stadium","url":"https:\/\/kingbaudouinstadium.be\/","logo":{"@type":"ImageObject","inLanguage":"fr-FR","@id":"https:\/\/kingbaudouinstadium.be\/#\/schema\/logo\/image\/","url":"https:\/\/kingbaudouinstadium.be\/wp-content\/uploads\/2023\/03\/Logo_King_Baudouin_B_Black.png","contentUrl":"https:\/\/kingbaudouinstadium.be\/wp-content\/uploads\/2023\/03\/Logo_King_Baudouin_B_Black.png","width":1486,"height":2294,"caption":"King Baudouin Stadium"},"image":{"@id":"https:\/\/kingbaudouinstadium.be\/#\/schema\/logo\/image\/"},"sameAs":["https:\/\/www.facebook.com\/StadeRoiBaudouin.KoningBoudewijnStadion","https:\/\/www.instagram.com\/kingbaudouinstadium\/"]},{"@type":"Person","@id":"https:\/\/kingbaudouinstadium.be\/#\/schema\/person\/76285b006f4f9d75389a8e071d710c5f","name":"communication","image":{"@type":"ImageObject","inLanguage":"fr-FR","@id":"https:\/\/kingbaudouinstadium.be\/#\/schema\/person\/image\/","url":"https:\/\/secure.gravatar.com\/avatar\/3586808fd6c8ff797e026c8717d3e320?s=96&d=mm&r=g","contentUrl":"https:\/\/secure.gravatar.com\/avatar\/3586808fd6c8ff797e026c8717d3e320?s=96&d=mm&r=g","caption":"communication"},"sameAs":["https:\/\/kingbaudouinstadium.be"],"url":"https:\/\/kingbaudouinstadium.be\/index.php\/author\/communication\/"}]}},"_links":{"self":[{"href":"https:\/\/kingbaudouinstadium.be\/index.php\/wp-json\/wp\/v2\/posts\/4798"}],"collection":[{"href":"https:\/\/kingbaudouinstadium.be\/index.php\/wp-json\/wp\/v2\/posts"}],"about":[{"href":"https:\/\/kingbaudouinstadium.be\/index.php\/wp-json\/wp\/v2\/types\/post"}],"author":[{"embeddable":true,"href":"https:\/\/kingbaudouinstadium.be\/index.php\/wp-json\/wp\/v2\/users\/1"}],"replies":[{"embeddable":true,"href":"https:\/\/kingbaudouinstadium.be\/index.php\/wp-json\/wp\/v2\/comments?post=4798"}],"version-history":[{"count":26,"href":"https:\/\/kingbaudouinstadium.be\/index.php\/wp-json\/wp\/v2\/posts\/4798\/revisions"}],"predecessor-version":[{"id":5342,"href":"https:\/\/kingbaudouinstadium.be\/index.php\/wp-json\/wp\/v2\/posts\/4798\/revisions\/5342"}],"wp:featuredmedia":[{"embeddable":true,"href":"https:\/\/kingbaudouinstadium.be\/index.php\/wp-json\/wp\/v2\/media\/4785"}],"wp:attachment":[{"href":"https:\/\/kingbaudouinstadium.be\/index.php\/wp-json\/wp\/v2\/media?parent=4798"}],"wp:term":[{"taxonomy":"category","embeddable":true,"href":"https:\/\/kingbaudouinstadium.be\/index.php\/wp-json\/wp\/v2\/categories?post=4798"},{"taxonomy":"post_tag","embeddable":true,"href":"https:\/\/kingbaudouinstadium.be\/index.php\/wp-json\/wp\/v2\/tags?post=4798"}],"curies":[{"name":"wp","href":"https:\/\/api.w.org\/{rel}","templated":true}]}}