{"id":5046,"date":"2024-07-22T10:09:48","date_gmt":"2024-07-22T08:09:48","guid":{"rendered":"https:\/\/kingbaudouinstadium.be\/?p=5046"},"modified":"2025-05-06T13:21:17","modified_gmt":"2025-05-06T11:21:17","slug":"bad-bunny-22-07-2026","status":"publish","type":"post","link":"https:\/\/kingbaudouinstadium.be\/index.php\/2024\/07\/22\/bad-bunny-22-07-2026\/?lang=nl","title":{"rendered":"Bad Bunny (22\/07\/2026)"},"content":{"rendered":"\t\t<div data-elementor-type=\"wp-post\" data-elementor-id=\"5046\" class=\"elementor elementor-5046\">\n\t\t\t\t\t\t<section class=\"elementor-section elementor-top-section elementor-element elementor-element-19a2f7ac elementor-section-boxed elementor-section-height-default elementor-section-height-default\" data-id=\"19a2f7ac\" data-element_type=\"section\">\r\n\t\t\r\n\t\t\t\t\t\t\t<div class=\"elementor-container elementor-column-gap-default\">\r\n\t\t\t\t\t\t\t\t\t\t\t<div class=\"elementor-column elementor-col-100 elementor-top-column elementor-element elementor-element-45297d7\" data-id=\"45297d7\" data-element_type=\"column\">\r\n\t\t\t\t\t<div class=\"elementor-widget-wrap elementor-element-populated\">\r\n\t\t\t\t\t\t\t\t<div class=\"elementor-element elementor-element-232e5bf4 elementor-widget elementor-widget-text-editor\" data-id=\"232e5bf4\" data-element_type=\"widget\" data-widget_type=\"text-editor.default\">\n\t\t\t\t<div class=\"elementor-widget-container\">\n\t\t\t\t\t\t\t<p><!-- wp:paragraph --><\/p>\n<p><strong>DeB\u00cd TiRAR M\u00e1S FOToS World Tour<\/strong><\/p>\n<p><!-- \/wp:paragraph --><\/p>\t\t\t\t\t\t<\/div>\n\t\t\t\t<\/div>\n\t\t\t\t\t<\/div>\r\n\t\t\t\t<\/div>\r\n\t\t\t\t\t<\/div>\r\n\t\t\t\t<\/section>\r\n\t\t\t\t<section class=\"elementor-section elementor-top-section elementor-element elementor-element-4237737 elementor-section-boxed elementor-section-height-default elementor-section-height-default\" data-id=\"4237737\" data-element_type=\"section\">\r\n\t\t\r\n\t\t\t\t\t\t\t<div class=\"elementor-container elementor-column-gap-default\">\r\n\t\t\t\t\t\t\t\t\t\t\t<div class=\"elementor-column elementor-col-100 elementor-top-column elementor-element elementor-element-f785fb8\" data-id=\"f785fb8\" data-element_type=\"column\">\r\n\t\t\t\t\t<div class=\"elementor-widget-wrap elementor-element-populated\">\r\n\t\t\t\t\t\t\t\t<div class=\"elementor-element elementor-element-49e94f2 elementor-widget elementor-widget-image\" data-id=\"49e94f2\" data-element_type=\"widget\" data-widget_type=\"image.default\">\n\t\t\t\t<div class=\"elementor-widget-container\">\n\t\t\t\t\t\t\t\t\t\t\t\t\t<img fetchpriority=\"high\" decoding=\"async\" width=\"768\" height=\"450\" src=\"https:\/\/kingbaudouinstadium.be\/wp-content\/uploads\/2025\/05\/Bad-Bunny-1024x600-1-768x450.png\" class=\"attachment-medium_large size-medium_large wp-image-5038\" alt=\"\" srcset=\"https:\/\/kingbaudouinstadium.be\/wp-content\/uploads\/2025\/05\/Bad-Bunny-1024x600-1-768x450.png 768w, https:\/\/kingbaudouinstadium.be\/wp-content\/uploads\/2025\/05\/Bad-Bunny-1024x600-1-640x375.png 640w, https:\/\/kingbaudouinstadium.be\/wp-content\/uploads\/2025\/05\/Bad-Bunny-1024x600-1-400x234.png 400w\" sizes=\"(max-width: 768px) 100vw, 768px\" \/>\t\t\t\t\t\t\t\t\t\t\t\t\t<\/div>\n\t\t\t\t<\/div>\n\t\t\t\t<div class=\"elementor-element elementor-element-390dfb2 elementor-widget elementor-widget-text-editor\" data-id=\"390dfb2\" data-element_type=\"widget\" data-widget_type=\"text-editor.default\">\n\t\t\t\t<div class=\"elementor-widget-container\">\n\t\t\t\t\t\t\t<p><strong>\u00a0<\/strong><\/p>\n<p><em>\u00a1Atenci\u00f3n!<\/em> Was je van plan om volgend jaar naar een tropisch eiland te ontsnappen? Niet nodig, want op woensdag 22 juli 2026 brengt Bad Bunny met zijn \u2018DeB\u00cd TiRAR M\u00e1S FOToS World Tour\u2019 een stukje Puerto Rico naar het\u00a0Koning Boudewijnstadion\u00a0in\u00a0Brussel.<\/p>\n<p>Dat er iets zat aan te komen, voelden de grootste fans al een tijdje. Zo veranderde Bad Bunny de titel van zijn liedje &#8220;EUROPA :(&#8221; naar &#8220;EUROPA :)&#8221; en deelden stadions over heel Europa op zondag een mysterieuze foto van twee plastic tuinstoelen voor de hoofdingang: een subtiele knipoog naar de iconische albumcover van Bad Bunny\u2019s nieuwste album \u2018DeB\u00cd TiRAR M\u00e1S FOToS\u2019. Vandaag mogen we het luid en trots zeggen: el Conejo Malo komt naar Belgi\u00eb!<\/p>\n<p>Benito Antonio Mart\u00ednez Ocasio, beter bekend als Bad Bunny, groeide in een paar jaar tijd uit tot \u00e9\u00e9n van de grootste artiesten ter wereld. Met zijn unieke stijl, genre-overschrijdende sound en maatschappijkritische lyrics weet hij steeds meer harten te veroveren. De Puerto Ricaanse zanger en rapper won al meerdere Grammy\u2019s en schreef geschiedenis door in 2020 als eerste niet-Engelstalige artiest wereldwijd het meest gestreamd te worden op Spotify. Hij hield die toppositie maar liefst drie jaar vast, tot hij in 2023 de kroon moest doorgeven aan Taylor Swift. Ook op het internet blijft Bad Bunny scoren. Recent werd <a href=\"https:\/\/www.youtube.com\/watch?v=ouuPSxE1hK4\" target=\"_blank\" rel=\"noopener\">Bad Bunny\u2019s Tiny Desk-optreden<\/a> de meest bekeken premi\u00e8re ooit in de YouTube-reeks en ging hij, als <a href=\"https:\/\/www.youtube.com\/watch?v=B5yENsniEGE\" target=\"_blank\" rel=\"noopener\">nieuw gezicht van Calvin Klein Underwear<\/a>, viraal op social media. Binnenkort staat hij ook op het podium van Saturday Night Live, om als muzikale gast samen met actrice Scarlett Johansson het legendarische vijftigste seizoen feestelijk af te sluiten.<\/p>\n<p>Bad Bunny&#8217;s nieuwste album &#8216;DeB\u00cd TiRAR M\u00e1S FOToS&#8217; is een eerbetoon aan zijn Puerto Ricaanse roots met invloeden van reggaet\u00f3n, plena en salsa. Het is zijn meest persoonlijke werk tot nu toe en voelt rauw, emotioneel en sociaal scherp aan.<\/p>\n<p><em>\u00a1Prep\u00e1rate, Bruselas!<\/em> \u2013 Bad Bunny laat de temperatuur stijgen in het Koning Boudewijnstadion op 22 juli 2026!<\/p>\t\t\t\t\t\t<\/div>\n\t\t\t\t<\/div>\n\t\t\t\t\t<\/div>\r\n\t\t\t\t<\/div>\r\n\t\t\t\t\t<\/div>\r\n\t\t\t\t<\/section>\r\n\t\t\t\t<section class=\"elementor-section elementor-top-section elementor-element elementor-element-7ac4b03 elementor-section-boxed elementor-section-height-default elementor-section-height-default\" data-id=\"7ac4b03\" data-element_type=\"section\">\r\n\t\t\r\n\t\t\t\t\t\t\t<div class=\"elementor-container elementor-column-gap-default\">\r\n\t\t\t\t\t\t\t\t\t\t\t<div class=\"elementor-column elementor-col-100 elementor-top-column elementor-element elementor-element-99ae3f8\" data-id=\"99ae3f8\" data-element_type=\"column\">\r\n\t\t\t\t\t<div class=\"elementor-widget-wrap elementor-element-populated\">\r\n\t\t\t\t\t\t\t\t<div class=\"elementor-element elementor-element-455f228 elementor-widget elementor-widget-toggle\" data-id=\"455f228\" data-element_type=\"widget\" data-widget_type=\"toggle.default\">\n\t\t\t\t<div class=\"elementor-widget-container\">\n\t\t\t\t\t<div class=\"elementor-toggle\">\n\t\t\t\t\t\t\t<div class=\"elementor-toggle-item\">\n\t\t\t\t\t<div id=\"elementor-tab-title-7271\" class=\"elementor-tab-title\" data-tab=\"1\" role=\"button\" aria-controls=\"elementor-tab-content-7271\" aria-expanded=\"false\">\n\t\t\t\t\t\t\t\t\t\t\t\t<span class=\"elementor-toggle-icon elementor-toggle-icon-left\" aria-hidden=\"true\">\n\t\t\t\t\t\t\t\t\t\t\t\t\t\t\t<span class=\"elementor-toggle-icon-closed\"><i class=\"fas fa-caret-right\"><\/i><\/span>\n\t\t\t\t\t\t\t\t<span class=\"elementor-toggle-icon-opened\"><i class=\"elementor-toggle-icon-opened fas fa-caret-up\"><\/i><\/span>\n\t\t\t\t\t\t\t\t\t\t\t\t\t<\/span>\n\t\t\t\t\t\t\t\t\t\t\t\t<a class=\"elementor-toggle-title\" tabindex=\"0\">Tickets<\/a>\n\t\t\t\t\t<\/div>\n\n\t\t\t\t\t<div id=\"elementor-tab-content-7271\" class=\"elementor-tab-content elementor-clearfix\" data-tab=\"1\" role=\"region\" aria-labelledby=\"elementor-tab-title-7271\"><p>Tickets zijn beschikbaar vanaf vrijdag 9 mei om 12u via <a href=\"http:\/\/livenation.be\/nl\" target=\"_blank\" rel=\"noopener\">livenation.be<\/a> en kosten \u20ac67,98 &#8211; \u20ac78,78 &#8211; \u20ac94,98 &#8211; \u20ac100,38 &#8211; \u20ac116,58 &#8211; \u20ac143,58 (inclusief servicekosten, charity donation, mobiliteits- en milieubijdrage). Voor de grootste fans zijn er ook VIP packages beschikbaar.<\/p>\n<p>Geregistreerde gebruikers van de Live Nation Belgium website kunnen van donderdag 8 mei om 12u tot vrijdag 9 mei om 11u tickets bestellen tijdens de exclusieve Live Nation presale.<\/p>\n<p>AANDACHT: koop in geen geval tickets op websites die niet zijn toegestaan door de organisatoren. U loopt het risico meer te betalen, geen tickets te ontvangen of tickets voor andere zitplaatscategorie\u00ebn te ontvangen. De websites die bovenaan de zoekmachineresultaten verschijnen wanneer u op zoek bent naar een ticket, zijn niet noodzakelijk websites die door de organisatoren zijn toegestaan. We raden daarom aan om gebruik te maken van de offici\u00eble ticketshop van de organisator.<\/p>\n<p>Een deel van de opbrengst van de tickets zal worden gedoneerd aan de &#8216;Good Bunny Foundation&#8217;. Deze organisatie richt zich op het ondersteunen van kinderen en jongeren uit kansarme gemeenschappen om de ontwikkeling van talent op het gebied van muziek, kunst en sport te stimuleren. Voor meer informatie over de &#8216;Good Bunny Foundation&#8217;, bezoek: <a href=\"http:\/\/www.goodbunnyfoundation.org\/\" target=\"_blank\" rel=\"noopener\">www.goodbunnyfoundation.org\/<\/a>.<\/p><\/div>\n\t\t\t\t<\/div>\n\t\t\t\t\t\t\t<div class=\"elementor-toggle-item\">\n\t\t\t\t\t<div id=\"elementor-tab-title-7272\" class=\"elementor-tab-title\" data-tab=\"2\" role=\"button\" aria-controls=\"elementor-tab-content-7272\" aria-expanded=\"false\">\n\t\t\t\t\t\t\t\t\t\t\t\t<span class=\"elementor-toggle-icon elementor-toggle-icon-left\" aria-hidden=\"true\">\n\t\t\t\t\t\t\t\t\t\t\t\t\t\t\t<span class=\"elementor-toggle-icon-closed\"><i class=\"fas fa-caret-right\"><\/i><\/span>\n\t\t\t\t\t\t\t\t<span class=\"elementor-toggle-icon-opened\"><i class=\"elementor-toggle-icon-opened fas fa-caret-up\"><\/i><\/span>\n\t\t\t\t\t\t\t\t\t\t\t\t\t<\/span>\n\t\t\t\t\t\t\t\t\t\t\t\t<a class=\"elementor-toggle-title\" tabindex=\"0\">Timing<\/a>\n\t\t\t\t\t<\/div>\n\n\t\t\t\t\t<div id=\"elementor-tab-content-7272\" class=\"elementor-tab-content elementor-clearfix\" data-tab=\"2\" role=\"region\" aria-labelledby=\"elementor-tab-title-7272\"><p>Meer informatie volgt binnenkort.<\/p><\/div>\n\t\t\t\t<\/div>\n\t\t\t\t\t\t\t<div class=\"elementor-toggle-item\">\n\t\t\t\t\t<div id=\"elementor-tab-title-7273\" class=\"elementor-tab-title\" data-tab=\"3\" role=\"button\" aria-controls=\"elementor-tab-content-7273\" aria-expanded=\"false\">\n\t\t\t\t\t\t\t\t\t\t\t\t<span class=\"elementor-toggle-icon elementor-toggle-icon-left\" aria-hidden=\"true\">\n\t\t\t\t\t\t\t\t\t\t\t\t\t\t\t<span class=\"elementor-toggle-icon-closed\"><i class=\"fas fa-caret-right\"><\/i><\/span>\n\t\t\t\t\t\t\t\t<span class=\"elementor-toggle-icon-opened\"><i class=\"elementor-toggle-icon-opened fas fa-caret-up\"><\/i><\/span>\n\t\t\t\t\t\t\t\t\t\t\t\t\t<\/span>\n\t\t\t\t\t\t\t\t\t\t\t\t<a class=\"elementor-toggle-title\" tabindex=\"0\">Personen met beperkte mobiliteit <\/a>\n\t\t\t\t\t<\/div>\n\n\t\t\t\t\t<div id=\"elementor-tab-content-7273\" class=\"elementor-tab-content elementor-clearfix\" data-tab=\"3\" role=\"region\" aria-labelledby=\"elementor-tab-title-7273\"><p>Om gebruik te maken van het rolstoelpodium kopen personen met een handicap SPECIALE TICKETS voor het concert van Bad Bunny op woensdag 22 juli 2026 in het Koning Boudewijnstadion. Deze tickets kan je reserveren via een formulier, beschikbaar vanaf 09\/05\/2025, 12u.<\/p>\n<p>Het platform is niet enkel bedoeld voor rolstoelgebruikers. Ook mensen die slecht te been zijn (omwille van beperking of ziekte), mensen met dwerggroei, blinden en slechtzienden, &#8230; komen in aanmerking voor deze tickets.\u00a0Reserveren kan alleen wanneer je aan de hand van een Europese blauwe parkeerkaart of een ander officieel document je beperking kan aantonen.\u00a0<\/p>\n<p>Voor vragen over de ticketverkoop kan je terecht bij Ticketmaster door\u00a0<a href=\"https:\/\/help.ticketmaster.be\/hc\/nl\/requests\/new?ticket_form_id=360000055398\" target=\"_blank\" rel=\"noopener\">dit formulier<\/a>\u00a0in te vullen.<\/p>\n<p>Voor vragen over de faciliteiten voor mensen met een beperking, kan je terecht bij\u00a0<a href=\"mailto:badbunny@inter.vlaanderen\" target=\"_blank\" rel=\"noopener\">badbunny@inter.vlaanderen<\/a>.<\/p><\/div>\n\t\t\t\t<\/div>\n\t\t\t\t\t\t\t<div class=\"elementor-toggle-item\">\n\t\t\t\t\t<div id=\"elementor-tab-title-7274\" class=\"elementor-tab-title\" data-tab=\"4\" role=\"button\" aria-controls=\"elementor-tab-content-7274\" aria-expanded=\"false\">\n\t\t\t\t\t\t\t\t\t\t\t\t<span class=\"elementor-toggle-icon elementor-toggle-icon-left\" aria-hidden=\"true\">\n\t\t\t\t\t\t\t\t\t\t\t\t\t\t\t<span class=\"elementor-toggle-icon-closed\"><i class=\"fas fa-caret-right\"><\/i><\/span>\n\t\t\t\t\t\t\t\t<span class=\"elementor-toggle-icon-opened\"><i class=\"elementor-toggle-icon-opened fas fa-caret-up\"><\/i><\/span>\n\t\t\t\t\t\t\t\t\t\t\t\t\t<\/span>\n\t\t\t\t\t\t\t\t\t\t\t\t<a class=\"elementor-toggle-title\" tabindex=\"0\">Toegankelijkheid <\/a>\n\t\t\t\t\t<\/div>\n\n\t\t\t\t\t<div id=\"elementor-tab-content-7274\" class=\"elementor-tab-content elementor-clearfix\" data-tab=\"4\" role=\"region\" aria-labelledby=\"elementor-tab-title-7274\"><p>Meer informatie volgt binnenkort.<\/p>\n<p>Tickethouders ontvangen een paar dagen voor het evenement een e-mail van de organisator met alle praktische informatie: tijden, toegang tot het stadion, verboden voorwerpen, enz.\u00a0<\/p><\/div>\n\t\t\t\t<\/div>\n\t\t\t\t\t\t\t<div class=\"elementor-toggle-item\">\n\t\t\t\t\t<div id=\"elementor-tab-title-7275\" class=\"elementor-tab-title\" data-tab=\"5\" role=\"button\" aria-controls=\"elementor-tab-content-7275\" aria-expanded=\"false\">\n\t\t\t\t\t\t\t\t\t\t\t\t<span class=\"elementor-toggle-icon elementor-toggle-icon-left\" aria-hidden=\"true\">\n\t\t\t\t\t\t\t\t\t\t\t\t\t\t\t<span class=\"elementor-toggle-icon-closed\"><i class=\"fas fa-caret-right\"><\/i><\/span>\n\t\t\t\t\t\t\t\t<span class=\"elementor-toggle-icon-opened\"><i class=\"elementor-toggle-icon-opened fas fa-caret-up\"><\/i><\/span>\n\t\t\t\t\t\t\t\t\t\t\t\t\t<\/span>\n\t\t\t\t\t\t\t\t\t\t\t\t<a class=\"elementor-toggle-title\" tabindex=\"0\">Verboden voorwerpen<\/a>\n\t\t\t\t\t<\/div>\n\n\t\t\t\t\t<div id=\"elementor-tab-content-7275\" class=\"elementor-tab-content elementor-clearfix\" data-tab=\"5\" role=\"region\" aria-labelledby=\"elementor-tab-title-7275\"><p>Meer informatie volgt binnenkort<\/p>\n<p><strong>\u00a0<\/strong>Tickethouders ontvangen een paar dagen voor het evenement een e-mail van de organisator met alle praktische informatie: tijden, toegang tot het stadion, verboden voorwerpen, enz.<\/p><\/div>\n\t\t\t\t<\/div>\n\t\t\t\t\t\t\t\t<\/div>\n\t\t\t\t<\/div>\n\t\t\t\t<\/div>\n\t\t\t\t\t<\/div>\r\n\t\t\t\t<\/div>\r\n\t\t\t\t\t<\/div>\r\n\t\t\t\t<\/section>\r\n\t\t\t\t<section class=\"elementor-section elementor-top-section elementor-element elementor-element-c37adb8 elementor-section-boxed elementor-section-height-default elementor-section-height-default\" data-id=\"c37adb8\" data-element_type=\"section\">\r\n\t\t\r\n\t\t\t\t\t\t\t<div class=\"elementor-container elementor-column-gap-default\">\r\n\t\t\t\t\t\t\t\t\t\t\t<div class=\"elementor-column elementor-col-100 elementor-top-column elementor-element elementor-element-559aca1\" data-id=\"559aca1\" data-element_type=\"column\">\r\n\t\t\t\t\t<div class=\"elementor-widget-wrap elementor-element-populated\">\r\n\t\t\t\t\t\t\t\t<div class=\"elementor-element elementor-element-f6afd4d elementor-widget elementor-widget-text-editor\" data-id=\"f6afd4d\" data-element_type=\"widget\" data-widget_type=\"text-editor.default\">\n\t\t\t\t<div class=\"elementor-widget-container\">\n\t\t\t\t\t\t\t<p><strong>Organisator van het evenement: <\/strong><a href=\"https:\/\/nl.livenation.be\/\" target=\"_blank\" rel=\"noopener\"><strong>Live Nation<\/strong><\/a><br \/>Als u vragen heeft over dit evenement (tickets, tijden, toegankelijkheid, enz.), neem dan rechtstreeks contact op met de organisator: <u>info@livenation.be.<\/u><\/p>\t\t\t\t\t\t<\/div>\n\t\t\t\t<\/div>\n\t\t\t\t\t<\/div>\r\n\t\t\t\t<\/div>\r\n\t\t\t\t\t<\/div>\r\n\t\t\t\t<\/section>\r\n\t\t\t\t<\/div>\n\t\t","protected":false},"excerpt":{"rendered":"<p>DeB\u00cd TiRAR M\u00e1S FOToS World Tour \u00a0 \u00a1Atenci\u00f3n! Was je van plan om volgend jaar naar een tropisch eiland te ontsnappen? Niet nodig, want op woensdag 22 juli 2026 brengt Bad Bunny met zijn \u2018DeB\u00cd TiRAR M\u00e1S FOToS World Tour\u2019 een stukje Puerto Rico naar het\u00a0Koning Boudewijnstadion\u00a0in\u00a0Brussel. Dat er iets zat aan te komen, voelden [&hellip;]<\/p>\n","protected":false},"author":1,"featured_media":5035,"comment_status":"closed","ping_status":"open","sticky":false,"template":"","format":"standard","meta":{"_monsterinsights_skip_tracking":false,"_monsterinsights_sitenote_active":false,"_monsterinsights_sitenote_note":"","_monsterinsights_sitenote_category":0,"footnotes":""},"categories":[13],"tags":[],"class_list":["post-5046","post","type-post","status-publish","format-standard","has-post-thumbnail","hentry","category-concerts"],"featured_image_src":{"landsacpe":["https:\/\/kingbaudouinstadium.be\/wp-content\/uploads\/2025\/05\/Bad-Bunny-300x300-1.png",300,300,false],"list":["https:\/\/kingbaudouinstadium.be\/wp-content\/uploads\/2025\/05\/Bad-Bunny-300x300-1.png",300,300,false],"medium":["https:\/\/kingbaudouinstadium.be\/wp-content\/uploads\/2025\/05\/Bad-Bunny-300x300-1.png",300,300,false],"full":["https:\/\/kingbaudouinstadium.be\/wp-content\/uploads\/2025\/05\/Bad-Bunny-300x300-1.png",300,300,false]},"yoast_head":"<!-- This site is optimized with the Yoast SEO plugin v23.6 - https:\/\/yoast.com\/wordpress\/plugins\/seo\/ -->\n<title>Bad Bunny (22\/07\/2026) - King Baudouin Stadium<\/title>\n<meta name=\"robots\" content=\"index, follow, max-snippet:-1, max-image-preview:large, max-video-preview:-1\" \/>\n<link rel=\"canonical\" href=\"https:\/\/kingbaudouinstadium.be\/index.php\/2024\/07\/22\/bad-bunny-22-07-2026\/\" \/>\n<meta property=\"og:locale\" content=\"fr_FR\" \/>\n<meta property=\"og:type\" content=\"article\" \/>\n<meta property=\"og:title\" content=\"Bad Bunny (22\/07\/2026) - King Baudouin Stadium\" \/>\n<meta property=\"og:description\" content=\"DeB\u00cd TiRAR M\u00e1S FOToS World Tour \u00a0 \u00a1Atenci\u00f3n! Was je van plan om volgend jaar naar een tropisch eiland te ontsnappen? Niet nodig, want op woensdag 22 juli 2026 brengt Bad Bunny met zijn \u2018DeB\u00cd TiRAR M\u00e1S FOToS World Tour\u2019 een stukje Puerto Rico naar het\u00a0Koning Boudewijnstadion\u00a0in\u00a0Brussel. Dat er iets zat aan te komen, voelden [&hellip;]\" \/>\n<meta property=\"og:url\" content=\"https:\/\/kingbaudouinstadium.be\/index.php\/2024\/07\/22\/bad-bunny-22-07-2026\/?lang=nl\" \/>\n<meta property=\"og:site_name\" content=\"King Baudouin Stadium\" \/>\n<meta property=\"article:publisher\" content=\"https:\/\/www.facebook.com\/StadeRoiBaudouin.KoningBoudewijnStadion\" \/>\n<meta property=\"article:published_time\" content=\"2024-07-22T08:09:48+00:00\" \/>\n<meta property=\"article:modified_time\" content=\"2025-05-06T11:21:17+00:00\" \/>\n<meta property=\"og:image\" content=\"https:\/\/kingbaudouinstadium.be\/wp-content\/uploads\/2025\/05\/Bad-Bunny-300x300-1.png\" \/>\n\t<meta property=\"og:image:width\" content=\"300\" \/>\n\t<meta property=\"og:image:height\" content=\"300\" \/>\n\t<meta property=\"og:image:type\" content=\"image\/png\" \/>\n<meta name=\"author\" content=\"communication\" \/>\n<meta name=\"twitter:card\" content=\"summary_large_image\" \/>\n<meta name=\"twitter:label1\" content=\"\u00c9crit par\" \/>\n\t<meta name=\"twitter:data1\" content=\"communication\" \/>\n\t<meta name=\"twitter:label2\" content=\"Dur\u00e9e de lecture estim\u00e9e\" \/>\n\t<meta name=\"twitter:data2\" content=\"4 minutes\" \/>\n<script type=\"application\/ld+json\" class=\"yoast-schema-graph\">{\"@context\":\"https:\/\/schema.org\",\"@graph\":[{\"@type\":\"Article\",\"@id\":\"https:\/\/kingbaudouinstadium.be\/index.php\/2024\/07\/22\/bad-bunny-22-07-2026\/?lang=nl#article\",\"isPartOf\":{\"@id\":\"https:\/\/kingbaudouinstadium.be\/index.php\/2024\/07\/22\/bad-bunny-22-07-2026\/?lang=nl\"},\"author\":{\"name\":\"communication\",\"@id\":\"https:\/\/kingbaudouinstadium.be\/#\/schema\/person\/76285b006f4f9d75389a8e071d710c5f\"},\"headline\":\"Bad Bunny (22\/07\/2026)\",\"datePublished\":\"2024-07-22T08:09:48+00:00\",\"dateModified\":\"2025-05-06T11:21:17+00:00\",\"mainEntityOfPage\":{\"@id\":\"https:\/\/kingbaudouinstadium.be\/index.php\/2024\/07\/22\/bad-bunny-22-07-2026\/?lang=nl\"},\"wordCount\":752,\"publisher\":{\"@id\":\"https:\/\/kingbaudouinstadium.be\/#organization\"},\"image\":{\"@id\":\"https:\/\/kingbaudouinstadium.be\/index.php\/2024\/07\/22\/bad-bunny-22-07-2026\/?lang=nl#primaryimage\"},\"thumbnailUrl\":\"https:\/\/kingbaudouinstadium.be\/wp-content\/uploads\/2025\/05\/Bad-Bunny-300x300-1.png\",\"articleSection\":[\"Concerts\"],\"inLanguage\":\"fr-FR\"},{\"@type\":\"WebPage\",\"@id\":\"https:\/\/kingbaudouinstadium.be\/index.php\/2024\/07\/22\/bad-bunny-22-07-2026\/?lang=nl\",\"url\":\"https:\/\/kingbaudouinstadium.be\/index.php\/2024\/07\/22\/bad-bunny-22-07-2026\/?lang=nl\",\"name\":\"Bad Bunny (22\/07\/2026) - King Baudouin Stadium\",\"isPartOf\":{\"@id\":\"https:\/\/kingbaudouinstadium.be\/#website\"},\"primaryImageOfPage\":{\"@id\":\"https:\/\/kingbaudouinstadium.be\/index.php\/2024\/07\/22\/bad-bunny-22-07-2026\/?lang=nl#primaryimage\"},\"image\":{\"@id\":\"https:\/\/kingbaudouinstadium.be\/index.php\/2024\/07\/22\/bad-bunny-22-07-2026\/?lang=nl#primaryimage\"},\"thumbnailUrl\":\"https:\/\/kingbaudouinstadium.be\/wp-content\/uploads\/2025\/05\/Bad-Bunny-300x300-1.png\",\"datePublished\":\"2024-07-22T08:09:48+00:00\",\"dateModified\":\"2025-05-06T11:21:17+00:00\",\"breadcrumb\":{\"@id\":\"https:\/\/kingbaudouinstadium.be\/index.php\/2024\/07\/22\/bad-bunny-22-07-2026\/?lang=nl#breadcrumb\"},\"inLanguage\":\"fr-FR\",\"potentialAction\":[{\"@type\":\"ReadAction\",\"target\":[\"https:\/\/kingbaudouinstadium.be\/index.php\/2024\/07\/22\/bad-bunny-22-07-2026\/?lang=nl\"]}]},{\"@type\":\"ImageObject\",\"inLanguage\":\"fr-FR\",\"@id\":\"https:\/\/kingbaudouinstadium.be\/index.php\/2024\/07\/22\/bad-bunny-22-07-2026\/?lang=nl#primaryimage\",\"url\":\"https:\/\/kingbaudouinstadium.be\/wp-content\/uploads\/2025\/05\/Bad-Bunny-300x300-1.png\",\"contentUrl\":\"https:\/\/kingbaudouinstadium.be\/wp-content\/uploads\/2025\/05\/Bad-Bunny-300x300-1.png\",\"width\":300,\"height\":300},{\"@type\":\"BreadcrumbList\",\"@id\":\"https:\/\/kingbaudouinstadium.be\/index.php\/2024\/07\/22\/bad-bunny-22-07-2026\/?lang=nl#breadcrumb\",\"itemListElement\":[{\"@type\":\"ListItem\",\"position\":1,\"name\":\"Home\",\"item\":\"https:\/\/kingbaudouinstadium.be\/\"},{\"@type\":\"ListItem\",\"position\":2,\"name\":\"Bad Bunny (22\/07\/2026)\"}]},{\"@type\":\"WebSite\",\"@id\":\"https:\/\/kingbaudouinstadium.be\/#website\",\"url\":\"https:\/\/kingbaudouinstadium.be\/\",\"name\":\"King Baudouin Stadium\",\"description\":\"The Stadium To Feel\",\"publisher\":{\"@id\":\"https:\/\/kingbaudouinstadium.be\/#organization\"},\"potentialAction\":[{\"@type\":\"SearchAction\",\"target\":{\"@type\":\"EntryPoint\",\"urlTemplate\":\"https:\/\/kingbaudouinstadium.be\/?s={search_term_string}\"},\"query-input\":{\"@type\":\"PropertyValueSpecification\",\"valueRequired\":true,\"valueName\":\"search_term_string\"}}],\"inLanguage\":\"fr-FR\"},{\"@type\":\"Organization\",\"@id\":\"https:\/\/kingbaudouinstadium.be\/#organization\",\"name\":\"King Baudouin Stadium\",\"url\":\"https:\/\/kingbaudouinstadium.be\/\",\"logo\":{\"@type\":\"ImageObject\",\"inLanguage\":\"fr-FR\",\"@id\":\"https:\/\/kingbaudouinstadium.be\/#\/schema\/logo\/image\/\",\"url\":\"https:\/\/kingbaudouinstadium.be\/wp-content\/uploads\/2023\/03\/Logo_King_Baudouin_B_Black.png\",\"contentUrl\":\"https:\/\/kingbaudouinstadium.be\/wp-content\/uploads\/2023\/03\/Logo_King_Baudouin_B_Black.png\",\"width\":1486,\"height\":2294,\"caption\":\"King Baudouin Stadium\"},\"image\":{\"@id\":\"https:\/\/kingbaudouinstadium.be\/#\/schema\/logo\/image\/\"},\"sameAs\":[\"https:\/\/www.facebook.com\/StadeRoiBaudouin.KoningBoudewijnStadion\",\"https:\/\/www.instagram.com\/kingbaudouinstadium\/\"]},{\"@type\":\"Person\",\"@id\":\"https:\/\/kingbaudouinstadium.be\/#\/schema\/person\/76285b006f4f9d75389a8e071d710c5f\",\"name\":\"communication\",\"image\":{\"@type\":\"ImageObject\",\"inLanguage\":\"fr-FR\",\"@id\":\"https:\/\/kingbaudouinstadium.be\/#\/schema\/person\/image\/\",\"url\":\"https:\/\/secure.gravatar.com\/avatar\/3586808fd6c8ff797e026c8717d3e320?s=96&d=mm&r=g\",\"contentUrl\":\"https:\/\/secure.gravatar.com\/avatar\/3586808fd6c8ff797e026c8717d3e320?s=96&d=mm&r=g\",\"caption\":\"communication\"},\"sameAs\":[\"https:\/\/kingbaudouinstadium.be\"],\"url\":\"https:\/\/kingbaudouinstadium.be\/index.php\/author\/communication\/\"}]}<\/script>\n<!-- \/ Yoast SEO plugin. -->","yoast_head_json":{"title":"Bad Bunny (22\/07\/2026) - King Baudouin Stadium","robots":{"index":"index","follow":"follow","max-snippet":"max-snippet:-1","max-image-preview":"max-image-preview:large","max-video-preview":"max-video-preview:-1"},"canonical":"https:\/\/kingbaudouinstadium.be\/index.php\/2024\/07\/22\/bad-bunny-22-07-2026\/","og_locale":"fr_FR","og_type":"article","og_title":"Bad Bunny (22\/07\/2026) - King Baudouin Stadium","og_description":"DeB\u00cd TiRAR M\u00e1S FOToS World Tour \u00a0 \u00a1Atenci\u00f3n! Was je van plan om volgend jaar naar een tropisch eiland te ontsnappen? Niet nodig, want op woensdag 22 juli 2026 brengt Bad Bunny met zijn \u2018DeB\u00cd TiRAR M\u00e1S FOToS World Tour\u2019 een stukje Puerto Rico naar het\u00a0Koning Boudewijnstadion\u00a0in\u00a0Brussel. Dat er iets zat aan te komen, voelden [&hellip;]","og_url":"https:\/\/kingbaudouinstadium.be\/index.php\/2024\/07\/22\/bad-bunny-22-07-2026\/?lang=nl","og_site_name":"King Baudouin Stadium","article_publisher":"https:\/\/www.facebook.com\/StadeRoiBaudouin.KoningBoudewijnStadion","article_published_time":"2024-07-22T08:09:48+00:00","article_modified_time":"2025-05-06T11:21:17+00:00","og_image":[{"width":300,"height":300,"url":"https:\/\/kingbaudouinstadium.be\/wp-content\/uploads\/2025\/05\/Bad-Bunny-300x300-1.png","type":"image\/png"}],"author":"communication","twitter_card":"summary_large_image","twitter_misc":{"\u00c9crit par":"communication","Dur\u00e9e de lecture estim\u00e9e":"4 minutes"},"schema":{"@context":"https:\/\/schema.org","@graph":[{"@type":"Article","@id":"https:\/\/kingbaudouinstadium.be\/index.php\/2024\/07\/22\/bad-bunny-22-07-2026\/?lang=nl#article","isPartOf":{"@id":"https:\/\/kingbaudouinstadium.be\/index.php\/2024\/07\/22\/bad-bunny-22-07-2026\/?lang=nl"},"author":{"name":"communication","@id":"https:\/\/kingbaudouinstadium.be\/#\/schema\/person\/76285b006f4f9d75389a8e071d710c5f"},"headline":"Bad Bunny (22\/07\/2026)","datePublished":"2024-07-22T08:09:48+00:00","dateModified":"2025-05-06T11:21:17+00:00","mainEntityOfPage":{"@id":"https:\/\/kingbaudouinstadium.be\/index.php\/2024\/07\/22\/bad-bunny-22-07-2026\/?lang=nl"},"wordCount":752,"publisher":{"@id":"https:\/\/kingbaudouinstadium.be\/#organization"},"image":{"@id":"https:\/\/kingbaudouinstadium.be\/index.php\/2024\/07\/22\/bad-bunny-22-07-2026\/?lang=nl#primaryimage"},"thumbnailUrl":"https:\/\/kingbaudouinstadium.be\/wp-content\/uploads\/2025\/05\/Bad-Bunny-300x300-1.png","articleSection":["Concerts"],"inLanguage":"fr-FR"},{"@type":"WebPage","@id":"https:\/\/kingbaudouinstadium.be\/index.php\/2024\/07\/22\/bad-bunny-22-07-2026\/?lang=nl","url":"https:\/\/kingbaudouinstadium.be\/index.php\/2024\/07\/22\/bad-bunny-22-07-2026\/?lang=nl","name":"Bad Bunny (22\/07\/2026) - King Baudouin Stadium","isPartOf":{"@id":"https:\/\/kingbaudouinstadium.be\/#website"},"primaryImageOfPage":{"@id":"https:\/\/kingbaudouinstadium.be\/index.php\/2024\/07\/22\/bad-bunny-22-07-2026\/?lang=nl#primaryimage"},"image":{"@id":"https:\/\/kingbaudouinstadium.be\/index.php\/2024\/07\/22\/bad-bunny-22-07-2026\/?lang=nl#primaryimage"},"thumbnailUrl":"https:\/\/kingbaudouinstadium.be\/wp-content\/uploads\/2025\/05\/Bad-Bunny-300x300-1.png","datePublished":"2024-07-22T08:09:48+00:00","dateModified":"2025-05-06T11:21:17+00:00","breadcrumb":{"@id":"https:\/\/kingbaudouinstadium.be\/index.php\/2024\/07\/22\/bad-bunny-22-07-2026\/?lang=nl#breadcrumb"},"inLanguage":"fr-FR","potentialAction":[{"@type":"ReadAction","target":["https:\/\/kingbaudouinstadium.be\/index.php\/2024\/07\/22\/bad-bunny-22-07-2026\/?lang=nl"]}]},{"@type":"ImageObject","inLanguage":"fr-FR","@id":"https:\/\/kingbaudouinstadium.be\/index.php\/2024\/07\/22\/bad-bunny-22-07-2026\/?lang=nl#primaryimage","url":"https:\/\/kingbaudouinstadium.be\/wp-content\/uploads\/2025\/05\/Bad-Bunny-300x300-1.png","contentUrl":"https:\/\/kingbaudouinstadium.be\/wp-content\/uploads\/2025\/05\/Bad-Bunny-300x300-1.png","width":300,"height":300},{"@type":"BreadcrumbList","@id":"https:\/\/kingbaudouinstadium.be\/index.php\/2024\/07\/22\/bad-bunny-22-07-2026\/?lang=nl#breadcrumb","itemListElement":[{"@type":"ListItem","position":1,"name":"Home","item":"https:\/\/kingbaudouinstadium.be\/"},{"@type":"ListItem","position":2,"name":"Bad Bunny (22\/07\/2026)"}]},{"@type":"WebSite","@id":"https:\/\/kingbaudouinstadium.be\/#website","url":"https:\/\/kingbaudouinstadium.be\/","name":"King Baudouin Stadium","description":"The Stadium To Feel","publisher":{"@id":"https:\/\/kingbaudouinstadium.be\/#organization"},"potentialAction":[{"@type":"SearchAction","target":{"@type":"EntryPoint","urlTemplate":"https:\/\/kingbaudouinstadium.be\/?s={search_term_string}"},"query-input":{"@type":"PropertyValueSpecification","valueRequired":true,"valueName":"search_term_string"}}],"inLanguage":"fr-FR"},{"@type":"Organization","@id":"https:\/\/kingbaudouinstadium.be\/#organization","name":"King Baudouin Stadium","url":"https:\/\/kingbaudouinstadium.be\/","logo":{"@type":"ImageObject","inLanguage":"fr-FR","@id":"https:\/\/kingbaudouinstadium.be\/#\/schema\/logo\/image\/","url":"https:\/\/kingbaudouinstadium.be\/wp-content\/uploads\/2023\/03\/Logo_King_Baudouin_B_Black.png","contentUrl":"https:\/\/kingbaudouinstadium.be\/wp-content\/uploads\/2023\/03\/Logo_King_Baudouin_B_Black.png","width":1486,"height":2294,"caption":"King Baudouin Stadium"},"image":{"@id":"https:\/\/kingbaudouinstadium.be\/#\/schema\/logo\/image\/"},"sameAs":["https:\/\/www.facebook.com\/StadeRoiBaudouin.KoningBoudewijnStadion","https:\/\/www.instagram.com\/kingbaudouinstadium\/"]},{"@type":"Person","@id":"https:\/\/kingbaudouinstadium.be\/#\/schema\/person\/76285b006f4f9d75389a8e071d710c5f","name":"communication","image":{"@type":"ImageObject","inLanguage":"fr-FR","@id":"https:\/\/kingbaudouinstadium.be\/#\/schema\/person\/image\/","url":"https:\/\/secure.gravatar.com\/avatar\/3586808fd6c8ff797e026c8717d3e320?s=96&d=mm&r=g","contentUrl":"https:\/\/secure.gravatar.com\/avatar\/3586808fd6c8ff797e026c8717d3e320?s=96&d=mm&r=g","caption":"communication"},"sameAs":["https:\/\/kingbaudouinstadium.be"],"url":"https:\/\/kingbaudouinstadium.be\/index.php\/author\/communication\/"}]}},"_links":{"self":[{"href":"https:\/\/kingbaudouinstadium.be\/index.php\/wp-json\/wp\/v2\/posts\/5046"}],"collection":[{"href":"https:\/\/kingbaudouinstadium.be\/index.php\/wp-json\/wp\/v2\/posts"}],"about":[{"href":"https:\/\/kingbaudouinstadium.be\/index.php\/wp-json\/wp\/v2\/types\/post"}],"author":[{"embeddable":true,"href":"https:\/\/kingbaudouinstadium.be\/index.php\/wp-json\/wp\/v2\/users\/1"}],"replies":[{"embeddable":true,"href":"https:\/\/kingbaudouinstadium.be\/index.php\/wp-json\/wp\/v2\/comments?post=5046"}],"version-history":[{"count":14,"href":"https:\/\/kingbaudouinstadium.be\/index.php\/wp-json\/wp\/v2\/posts\/5046\/revisions"}],"predecessor-version":[{"id":5090,"href":"https:\/\/kingbaudouinstadium.be\/index.php\/wp-json\/wp\/v2\/posts\/5046\/revisions\/5090"}],"wp:featuredmedia":[{"embeddable":true,"href":"https:\/\/kingbaudouinstadium.be\/index.php\/wp-json\/wp\/v2\/media\/5035"}],"wp:attachment":[{"href":"https:\/\/kingbaudouinstadium.be\/index.php\/wp-json\/wp\/v2\/media?parent=5046"}],"wp:term":[{"taxonomy":"category","embeddable":true,"href":"https:\/\/kingbaudouinstadium.be\/index.php\/wp-json\/wp\/v2\/categories?post=5046"},{"taxonomy":"post_tag","embeddable":true,"href":"https:\/\/kingbaudouinstadium.be\/index.php\/wp-json\/wp\/v2\/tags?post=5046"}],"curies":[{"name":"wp","href":"https:\/\/api.w.org\/{rel}","templated":true}]}}