{"id":5052,"date":"2024-07-22T11:00:39","date_gmt":"2024-07-22T09:00:39","guid":{"rendered":"https:\/\/kingbaudouinstadium.be\/?p=5052"},"modified":"2025-05-07T09:07:46","modified_gmt":"2025-05-07T07:07:46","slug":"bad-bunny-22-07-2026","status":"publish","type":"post","link":"https:\/\/kingbaudouinstadium.be\/index.php\/2024\/07\/22\/bad-bunny-22-07-2026\/?lang=en","title":{"rendered":"Bad Bunny (22\/07\/2026)"},"content":{"rendered":"\t\t<div data-elementor-type=\"wp-post\" data-elementor-id=\"5052\" class=\"elementor elementor-5052\">\n\t\t\t\t\t\t<section class=\"elementor-section elementor-top-section elementor-element elementor-element-19a2f7ac elementor-section-boxed elementor-section-height-default elementor-section-height-default\" data-id=\"19a2f7ac\" data-element_type=\"section\">\r\n\t\t\r\n\t\t\t\t\t\t\t<div class=\"elementor-container elementor-column-gap-default\">\r\n\t\t\t\t\t\t\t\t\t\t\t<div class=\"elementor-column elementor-col-100 elementor-top-column elementor-element elementor-element-45297d7\" data-id=\"45297d7\" data-element_type=\"column\">\r\n\t\t\t\t\t<div class=\"elementor-widget-wrap elementor-element-populated\">\r\n\t\t\t\t\t\t\t\t<div class=\"elementor-element elementor-element-232e5bf4 elementor-widget elementor-widget-text-editor\" data-id=\"232e5bf4\" data-element_type=\"widget\" data-widget_type=\"text-editor.default\">\n\t\t\t\t<div class=\"elementor-widget-container\">\n\t\t\t\t\t\t\t<p><!-- wp:paragraph --><\/p>\n<p><strong>DeB\u00cd TiRAR M\u00e1S FOToS World Tour<\/strong><\/p>\n<p><!-- \/wp:paragraph --><\/p>\t\t\t\t\t\t<\/div>\n\t\t\t\t<\/div>\n\t\t\t\t\t<\/div>\r\n\t\t\t\t<\/div>\r\n\t\t\t\t\t<\/div>\r\n\t\t\t\t<\/section>\r\n\t\t\t\t<section class=\"elementor-section elementor-top-section elementor-element elementor-element-4237737 elementor-section-boxed elementor-section-height-default elementor-section-height-default\" data-id=\"4237737\" data-element_type=\"section\">\r\n\t\t\r\n\t\t\t\t\t\t\t<div class=\"elementor-container elementor-column-gap-default\">\r\n\t\t\t\t\t\t\t\t\t\t\t<div class=\"elementor-column elementor-col-100 elementor-top-column elementor-element elementor-element-f785fb8\" data-id=\"f785fb8\" data-element_type=\"column\">\r\n\t\t\t\t\t<div class=\"elementor-widget-wrap elementor-element-populated\">\r\n\t\t\t\t\t\t\t\t<div class=\"elementor-element elementor-element-49e94f2 elementor-widget elementor-widget-image\" data-id=\"49e94f2\" data-element_type=\"widget\" data-widget_type=\"image.default\">\n\t\t\t\t<div class=\"elementor-widget-container\">\n\t\t\t\t\t\t\t\t\t\t\t\t\t<img fetchpriority=\"high\" decoding=\"async\" width=\"768\" height=\"450\" src=\"https:\/\/kingbaudouinstadium.be\/wp-content\/uploads\/2025\/05\/Bad-Bunny-1024x600-1-768x450.png\" class=\"attachment-medium_large size-medium_large wp-image-5039\" alt=\"\" srcset=\"https:\/\/kingbaudouinstadium.be\/wp-content\/uploads\/2025\/05\/Bad-Bunny-1024x600-1-768x450.png 768w, https:\/\/kingbaudouinstadium.be\/wp-content\/uploads\/2025\/05\/Bad-Bunny-1024x600-1-640x375.png 640w, https:\/\/kingbaudouinstadium.be\/wp-content\/uploads\/2025\/05\/Bad-Bunny-1024x600-1-400x234.png 400w\" sizes=\"(max-width: 768px) 100vw, 768px\" \/>\t\t\t\t\t\t\t\t\t\t\t\t\t<\/div>\n\t\t\t\t<\/div>\n\t\t\t\t<div class=\"elementor-element elementor-element-e9e3017 elementor-widget elementor-widget-text-editor\" data-id=\"e9e3017\" data-element_type=\"widget\" data-widget_type=\"text-editor.default\">\n\t\t\t\t<div class=\"elementor-widget-container\">\n\t\t\t\t\t\t\t<p><strong>Bad Bunny turns up the heat at King Baudouin Stadium!<\/strong><\/p>\n<p>\u00a0\u00a1Atenci\u00f3n! Planning to escape to a tropical island next year? No need, because on Wednesday, 22 July 2026, Bad Bunny is bringing a slice of Puerto Rico to Brussels with his \u2018DeB\u00cd TiRAR M\u00e1S FOToS World Tour\u2019, lighting up King Baudouin Stadium like never before.<\/p>\n<p>Benito Antonio Mart\u00ednez Ocasio, better known as Bad Bunny, has skyrocketed to global superstardom in just a few years. With his unique style, genre-blending sound, and socially conscious lyrics, he continues to capture hearts around the world. The Puerto Rican singer and rapper is a multi-Grammy winner and made history in 2020 as the first non-English-language artist to become Spotify\u2019s most-streamed artist globally. His latest album \u2018DeB\u00cd TiRAR M\u00e1S FOToS\u2019 is a heartfelt tribute to his Puerto Rican roots, infused with reggaet\u00f3n, plena, and salsa influences.<\/p>\n<p>\u00a0\u00a1Prep\u00e1rate, Bruselas!\u00a0\u2013 Bad Bunny is bringing the heat to King Baudouin Stadium on July 22, 2026!<\/p>\t\t\t\t\t\t<\/div>\n\t\t\t\t<\/div>\n\t\t\t\t\t<\/div>\r\n\t\t\t\t<\/div>\r\n\t\t\t\t\t<\/div>\r\n\t\t\t\t<\/section>\r\n\t\t\t\t<section class=\"elementor-section elementor-top-section elementor-element elementor-element-7ac4b03 elementor-section-boxed elementor-section-height-default elementor-section-height-default\" data-id=\"7ac4b03\" data-element_type=\"section\">\r\n\t\t\r\n\t\t\t\t\t\t\t<div class=\"elementor-container elementor-column-gap-default\">\r\n\t\t\t\t\t\t\t\t\t\t\t<div class=\"elementor-column elementor-col-100 elementor-top-column elementor-element elementor-element-99ae3f8\" data-id=\"99ae3f8\" data-element_type=\"column\">\r\n\t\t\t\t\t<div class=\"elementor-widget-wrap elementor-element-populated\">\r\n\t\t\t\t\t\t\t\t<div class=\"elementor-element elementor-element-455f228 elementor-widget elementor-widget-toggle\" data-id=\"455f228\" data-element_type=\"widget\" data-widget_type=\"toggle.default\">\n\t\t\t\t<div class=\"elementor-widget-container\">\n\t\t\t\t\t<div class=\"elementor-toggle\">\n\t\t\t\t\t\t\t<div class=\"elementor-toggle-item\">\n\t\t\t\t\t<div id=\"elementor-tab-title-7271\" class=\"elementor-tab-title\" data-tab=\"1\" role=\"button\" aria-controls=\"elementor-tab-content-7271\" aria-expanded=\"false\">\n\t\t\t\t\t\t\t\t\t\t\t\t<span class=\"elementor-toggle-icon elementor-toggle-icon-left\" aria-hidden=\"true\">\n\t\t\t\t\t\t\t\t\t\t\t\t\t\t\t<span class=\"elementor-toggle-icon-closed\"><i class=\"fas fa-caret-right\"><\/i><\/span>\n\t\t\t\t\t\t\t\t<span class=\"elementor-toggle-icon-opened\"><i class=\"elementor-toggle-icon-opened fas fa-caret-up\"><\/i><\/span>\n\t\t\t\t\t\t\t\t\t\t\t\t\t<\/span>\n\t\t\t\t\t\t\t\t\t\t\t\t<a class=\"elementor-toggle-title\" tabindex=\"0\">Tickets<\/a>\n\t\t\t\t\t<\/div>\n\n\t\t\t\t\t<div id=\"elementor-tab-content-7271\" class=\"elementor-tab-content elementor-clearfix\" data-tab=\"1\" role=\"region\" aria-labelledby=\"elementor-tab-title-7271\"><p>Tickets are available from Friday 9 May at noon via <a href=\"https:\/\/www.livenation.be\/\" target=\"_blank\" rel=\"noopener\">livenation.be<\/a> and cost \u20ac67.98 &#8211; \u20ac78.78 &#8211; \u20ac94.98 &#8211; \u20ac100.38 &#8211; \u20ac116.58 &#8211; \u20ac143.58 (including service charge, charity donation, mobility and environmental contribution). VIP packages are also available for the biggest fans.<\/p>\n<p>Registered users of the Live Nation Belgium website can order tickets during the exclusive Live Nation presale from Thursday 8 May at noon until Friday 9 May at 11am.<\/p>\n<p>WARNING: do not under any circumstances buy tickets on websites not authorised by the organisers. You run the risk of paying more for them, not receiving tickets or receiving tickets for different categories of seats. The websites that appear at the top of the search engine results when you\u2019re looking for a ticket are not necessarily sites that are authorised by the organisers. We therefore advise you to use the organiser&#8217;s official ticket office.<\/p>\n<p>Part of the profits from the tickets will be donated to the \u201cGood Bunny Foundation\u201d. This organisation focuses on supporting children and young people from disadvantaged communities to foster talent development in music, arts and sports. For more information on the \u201cGood Bunny Foundation\u201d, visit: <a href=\"http:\/\/www.goodbunnyfoundation.org\/\" target=\"_blank\" rel=\"noopener\">www.goodbunnyfoundation.org\/<\/a>.<\/p><\/div>\n\t\t\t\t<\/div>\n\t\t\t\t\t\t\t<div class=\"elementor-toggle-item\">\n\t\t\t\t\t<div id=\"elementor-tab-title-7272\" class=\"elementor-tab-title\" data-tab=\"2\" role=\"button\" aria-controls=\"elementor-tab-content-7272\" aria-expanded=\"false\">\n\t\t\t\t\t\t\t\t\t\t\t\t<span class=\"elementor-toggle-icon elementor-toggle-icon-left\" aria-hidden=\"true\">\n\t\t\t\t\t\t\t\t\t\t\t\t\t\t\t<span class=\"elementor-toggle-icon-closed\"><i class=\"fas fa-caret-right\"><\/i><\/span>\n\t\t\t\t\t\t\t\t<span class=\"elementor-toggle-icon-opened\"><i class=\"elementor-toggle-icon-opened fas fa-caret-up\"><\/i><\/span>\n\t\t\t\t\t\t\t\t\t\t\t\t\t<\/span>\n\t\t\t\t\t\t\t\t\t\t\t\t<a class=\"elementor-toggle-title\" tabindex=\"0\">Schedule<\/a>\n\t\t\t\t\t<\/div>\n\n\t\t\t\t\t<div id=\"elementor-tab-content-7272\" class=\"elementor-tab-content elementor-clearfix\" data-tab=\"2\" role=\"region\" aria-labelledby=\"elementor-tab-title-7272\"><p>More information will be available soon.<\/p><\/div>\n\t\t\t\t<\/div>\n\t\t\t\t\t\t\t<div class=\"elementor-toggle-item\">\n\t\t\t\t\t<div id=\"elementor-tab-title-7273\" class=\"elementor-tab-title\" data-tab=\"3\" role=\"button\" aria-controls=\"elementor-tab-content-7273\" aria-expanded=\"false\">\n\t\t\t\t\t\t\t\t\t\t\t\t<span class=\"elementor-toggle-icon elementor-toggle-icon-left\" aria-hidden=\"true\">\n\t\t\t\t\t\t\t\t\t\t\t\t\t\t\t<span class=\"elementor-toggle-icon-closed\"><i class=\"fas fa-caret-right\"><\/i><\/span>\n\t\t\t\t\t\t\t\t<span class=\"elementor-toggle-icon-opened\"><i class=\"elementor-toggle-icon-opened fas fa-caret-up\"><\/i><\/span>\n\t\t\t\t\t\t\t\t\t\t\t\t\t<\/span>\n\t\t\t\t\t\t\t\t\t\t\t\t<a class=\"elementor-toggle-title\" tabindex=\"0\">People with Reduced Mobility<\/a>\n\t\t\t\t\t<\/div>\n\n\t\t\t\t\t<div id=\"elementor-tab-content-7273\" class=\"elementor-tab-content elementor-clearfix\" data-tab=\"3\" role=\"region\" aria-labelledby=\"elementor-tab-title-7273\"><p>People with a disability who wish to use the wheelchair platform during Bad Bunny\u2019s concert on Wednesday 22 July 2026 at the King Baudouin Stadium need to buy SPECIAL TICKETS. You can buy these tickets by filling out a form available from 09\/05\/2025, 12pm.<\/p>\n<p>The platform is not only intended for wheelchair users. Also people who have difficulties with walking or standing &#8211; due to disability or illness &#8211; people with restricted growth or short stature, people with visual impairments, &#8230; can buy special tickets.\u00a0<\/p>\n<p>If you have any questions regarding the purchase of tickets, please contact Ticketmaster by filling out\u00a0<a href=\"https:\/\/help.ticketmaster.be\/hc\/en-us\/requests\/new?ticket_form_id=360000055398\" target=\"_blank\" rel=\"noopener\">this form<\/a>.<\/p>\n<p>If you have any further questions regarding the facilities for people with a disability, please contact\u00a0<a href=\"mailto:badbunny@inter.vlaanderen\" target=\"_blank\" rel=\"noopener\">badbunny@inter.vlaanderen<\/a>.\u00a0<\/p>\n<p>\u00a0<\/p><\/div>\n\t\t\t\t<\/div>\n\t\t\t\t\t\t\t<div class=\"elementor-toggle-item\">\n\t\t\t\t\t<div id=\"elementor-tab-title-7274\" class=\"elementor-tab-title\" data-tab=\"4\" role=\"button\" aria-controls=\"elementor-tab-content-7274\" aria-expanded=\"false\">\n\t\t\t\t\t\t\t\t\t\t\t\t<span class=\"elementor-toggle-icon elementor-toggle-icon-left\" aria-hidden=\"true\">\n\t\t\t\t\t\t\t\t\t\t\t\t\t\t\t<span class=\"elementor-toggle-icon-closed\"><i class=\"fas fa-caret-right\"><\/i><\/span>\n\t\t\t\t\t\t\t\t<span class=\"elementor-toggle-icon-opened\"><i class=\"elementor-toggle-icon-opened fas fa-caret-up\"><\/i><\/span>\n\t\t\t\t\t\t\t\t\t\t\t\t\t<\/span>\n\t\t\t\t\t\t\t\t\t\t\t\t<a class=\"elementor-toggle-title\" tabindex=\"0\">Accessibility<\/a>\n\t\t\t\t\t<\/div>\n\n\t\t\t\t\t<div id=\"elementor-tab-content-7274\" class=\"elementor-tab-content elementor-clearfix\" data-tab=\"4\" role=\"region\" aria-labelledby=\"elementor-tab-title-7274\"><p>More information will be available soon<\/p>\n<p>Ticket holders will receive an e-mail from the organisers a few days before the event with all the practical information: schedule, access to the stadium, prohibited items, etc.\u00a0<\/p><\/div>\n\t\t\t\t<\/div>\n\t\t\t\t\t\t\t<div class=\"elementor-toggle-item\">\n\t\t\t\t\t<div id=\"elementor-tab-title-7275\" class=\"elementor-tab-title\" data-tab=\"5\" role=\"button\" aria-controls=\"elementor-tab-content-7275\" aria-expanded=\"false\">\n\t\t\t\t\t\t\t\t\t\t\t\t<span class=\"elementor-toggle-icon elementor-toggle-icon-left\" aria-hidden=\"true\">\n\t\t\t\t\t\t\t\t\t\t\t\t\t\t\t<span class=\"elementor-toggle-icon-closed\"><i class=\"fas fa-caret-right\"><\/i><\/span>\n\t\t\t\t\t\t\t\t<span class=\"elementor-toggle-icon-opened\"><i class=\"elementor-toggle-icon-opened fas fa-caret-up\"><\/i><\/span>\n\t\t\t\t\t\t\t\t\t\t\t\t\t<\/span>\n\t\t\t\t\t\t\t\t\t\t\t\t<a class=\"elementor-toggle-title\" tabindex=\"0\">Prohibited items<\/a>\n\t\t\t\t\t<\/div>\n\n\t\t\t\t\t<div id=\"elementor-tab-content-7275\" class=\"elementor-tab-content elementor-clearfix\" data-tab=\"5\" role=\"region\" aria-labelledby=\"elementor-tab-title-7275\"><p>More information will be available soon<\/p>\n<p>Ticket holders will receive an e-mail from the organisers a few days before the event with all the practical information: schedule, access to the stadium, prohibited items, etc.<\/p><\/div>\n\t\t\t\t<\/div>\n\t\t\t\t\t\t\t\t<\/div>\n\t\t\t\t<\/div>\n\t\t\t\t<\/div>\n\t\t\t\t\t<\/div>\r\n\t\t\t\t<\/div>\r\n\t\t\t\t\t<\/div>\r\n\t\t\t\t<\/section>\r\n\t\t\t\t<section class=\"elementor-section elementor-top-section elementor-element elementor-element-c37adb8 elementor-section-boxed elementor-section-height-default elementor-section-height-default\" data-id=\"c37adb8\" data-element_type=\"section\">\r\n\t\t\r\n\t\t\t\t\t\t\t<div class=\"elementor-container elementor-column-gap-default\">\r\n\t\t\t\t\t\t\t\t\t\t\t<div class=\"elementor-column elementor-col-100 elementor-top-column elementor-element elementor-element-559aca1\" data-id=\"559aca1\" data-element_type=\"column\">\r\n\t\t\t\t\t<div class=\"elementor-widget-wrap elementor-element-populated\">\r\n\t\t\t\t\t\t\t\t<div class=\"elementor-element elementor-element-f6afd4d elementor-widget elementor-widget-text-editor\" data-id=\"f6afd4d\" data-element_type=\"widget\" data-widget_type=\"text-editor.default\">\n\t\t\t\t<div class=\"elementor-widget-container\">\n\t\t\t\t\t\t\t<p><strong>Event organiser: <\/strong><a href=\"https:\/\/fr.livenation.be\/\" target=\"_blank\" rel=\"noopener\"><strong>Live Nation<\/strong><\/a><br \/>If you have any questions about this event (tickets, schedule, accessibility, etc.), please contact the organiser directly: <u>info@livenation.be<\/u><\/p>\n<p>\u00a0<\/p>\t\t\t\t\t\t<\/div>\n\t\t\t\t<\/div>\n\t\t\t\t\t<\/div>\r\n\t\t\t\t<\/div>\r\n\t\t\t\t\t<\/div>\r\n\t\t\t\t<\/section>\r\n\t\t\t\t<\/div>\n\t\t","protected":false},"excerpt":{"rendered":"<p>DeB\u00cd TiRAR M\u00e1S FOToS World Tour Bad Bunny turns up the heat at King Baudouin Stadium! \u00a0\u00a1Atenci\u00f3n! Planning to escape to a tropical island next year? No need, because on Wednesday, 22 July 2026, Bad Bunny is bringing a slice of Puerto Rico to Brussels with his \u2018DeB\u00cd TiRAR M\u00e1S FOToS World Tour\u2019, lighting up [&hellip;]<\/p>\n","protected":false},"author":1,"featured_media":5036,"comment_status":"closed","ping_status":"open","sticky":false,"template":"","format":"standard","meta":{"_monsterinsights_skip_tracking":false,"_monsterinsights_sitenote_active":false,"_monsterinsights_sitenote_note":"","_monsterinsights_sitenote_category":0,"footnotes":""},"categories":[13],"tags":[],"class_list":["post-5052","post","type-post","status-publish","format-standard","has-post-thumbnail","hentry","category-concerts"],"featured_image_src":{"landsacpe":["https:\/\/kingbaudouinstadium.be\/wp-content\/uploads\/2025\/05\/Bad-Bunny-300x300-1.png",300,300,false],"list":["https:\/\/kingbaudouinstadium.be\/wp-content\/uploads\/2025\/05\/Bad-Bunny-300x300-1.png",300,300,false],"medium":["https:\/\/kingbaudouinstadium.be\/wp-content\/uploads\/2025\/05\/Bad-Bunny-300x300-1.png",300,300,false],"full":["https:\/\/kingbaudouinstadium.be\/wp-content\/uploads\/2025\/05\/Bad-Bunny-300x300-1.png",300,300,false]},"yoast_head":"<!-- This site is optimized with the Yoast SEO plugin v23.6 - https:\/\/yoast.com\/wordpress\/plugins\/seo\/ -->\n<title>Bad Bunny (22\/07\/2026) - King Baudouin Stadium<\/title>\n<meta name=\"robots\" content=\"index, follow, max-snippet:-1, max-image-preview:large, max-video-preview:-1\" \/>\n<link rel=\"canonical\" href=\"https:\/\/kingbaudouinstadium.be\/index.php\/2024\/07\/22\/bad-bunny-22-07-2026\/\" \/>\n<meta property=\"og:locale\" content=\"fr_FR\" \/>\n<meta property=\"og:type\" content=\"article\" \/>\n<meta property=\"og:title\" content=\"Bad Bunny (22\/07\/2026) - King Baudouin Stadium\" \/>\n<meta property=\"og:description\" content=\"DeB\u00cd TiRAR M\u00e1S FOToS World Tour Bad Bunny turns up the heat at King Baudouin Stadium! \u00a0\u00a1Atenci\u00f3n! Planning to escape to a tropical island next year? No need, because on Wednesday, 22 July 2026, Bad Bunny is bringing a slice of Puerto Rico to Brussels with his \u2018DeB\u00cd TiRAR M\u00e1S FOToS World Tour\u2019, lighting up [&hellip;]\" \/>\n<meta property=\"og:url\" content=\"https:\/\/kingbaudouinstadium.be\/index.php\/2024\/07\/22\/bad-bunny-22-07-2026\/?lang=en\" \/>\n<meta property=\"og:site_name\" content=\"King Baudouin Stadium\" \/>\n<meta property=\"article:publisher\" content=\"https:\/\/www.facebook.com\/StadeRoiBaudouin.KoningBoudewijnStadion\" \/>\n<meta property=\"article:published_time\" content=\"2024-07-22T09:00:39+00:00\" \/>\n<meta property=\"article:modified_time\" content=\"2025-05-07T07:07:46+00:00\" \/>\n<meta property=\"og:image\" content=\"https:\/\/kingbaudouinstadium.be\/wp-content\/uploads\/2025\/05\/Bad-Bunny-300x300-1.png\" \/>\n\t<meta property=\"og:image:width\" content=\"300\" \/>\n\t<meta property=\"og:image:height\" content=\"300\" \/>\n\t<meta property=\"og:image:type\" content=\"image\/png\" \/>\n<meta name=\"author\" content=\"communication\" \/>\n<meta name=\"twitter:card\" content=\"summary_large_image\" \/>\n<meta name=\"twitter:label1\" content=\"\u00c9crit par\" \/>\n\t<meta name=\"twitter:data1\" content=\"communication\" \/>\n\t<meta name=\"twitter:label2\" content=\"Dur\u00e9e de lecture estim\u00e9e\" \/>\n\t<meta name=\"twitter:data2\" content=\"3 minutes\" \/>\n<script type=\"application\/ld+json\" class=\"yoast-schema-graph\">{\"@context\":\"https:\/\/schema.org\",\"@graph\":[{\"@type\":\"Article\",\"@id\":\"https:\/\/kingbaudouinstadium.be\/index.php\/2024\/07\/22\/bad-bunny-22-07-2026\/?lang=en#article\",\"isPartOf\":{\"@id\":\"https:\/\/kingbaudouinstadium.be\/index.php\/2024\/07\/22\/bad-bunny-22-07-2026\/?lang=en\"},\"author\":{\"name\":\"communication\",\"@id\":\"https:\/\/kingbaudouinstadium.be\/#\/schema\/person\/76285b006f4f9d75389a8e071d710c5f\"},\"headline\":\"Bad Bunny (22\/07\/2026)\",\"datePublished\":\"2024-07-22T09:00:39+00:00\",\"dateModified\":\"2025-05-07T07:07:46+00:00\",\"mainEntityOfPage\":{\"@id\":\"https:\/\/kingbaudouinstadium.be\/index.php\/2024\/07\/22\/bad-bunny-22-07-2026\/?lang=en\"},\"wordCount\":574,\"publisher\":{\"@id\":\"https:\/\/kingbaudouinstadium.be\/#organization\"},\"image\":{\"@id\":\"https:\/\/kingbaudouinstadium.be\/index.php\/2024\/07\/22\/bad-bunny-22-07-2026\/?lang=en#primaryimage\"},\"thumbnailUrl\":\"https:\/\/kingbaudouinstadium.be\/wp-content\/uploads\/2025\/05\/Bad-Bunny-300x300-1.png\",\"articleSection\":[\"Concerts\"],\"inLanguage\":\"fr-FR\"},{\"@type\":\"WebPage\",\"@id\":\"https:\/\/kingbaudouinstadium.be\/index.php\/2024\/07\/22\/bad-bunny-22-07-2026\/?lang=en\",\"url\":\"https:\/\/kingbaudouinstadium.be\/index.php\/2024\/07\/22\/bad-bunny-22-07-2026\/?lang=en\",\"name\":\"Bad Bunny (22\/07\/2026) - King Baudouin Stadium\",\"isPartOf\":{\"@id\":\"https:\/\/kingbaudouinstadium.be\/#website\"},\"primaryImageOfPage\":{\"@id\":\"https:\/\/kingbaudouinstadium.be\/index.php\/2024\/07\/22\/bad-bunny-22-07-2026\/?lang=en#primaryimage\"},\"image\":{\"@id\":\"https:\/\/kingbaudouinstadium.be\/index.php\/2024\/07\/22\/bad-bunny-22-07-2026\/?lang=en#primaryimage\"},\"thumbnailUrl\":\"https:\/\/kingbaudouinstadium.be\/wp-content\/uploads\/2025\/05\/Bad-Bunny-300x300-1.png\",\"datePublished\":\"2024-07-22T09:00:39+00:00\",\"dateModified\":\"2025-05-07T07:07:46+00:00\",\"breadcrumb\":{\"@id\":\"https:\/\/kingbaudouinstadium.be\/index.php\/2024\/07\/22\/bad-bunny-22-07-2026\/?lang=en#breadcrumb\"},\"inLanguage\":\"fr-FR\",\"potentialAction\":[{\"@type\":\"ReadAction\",\"target\":[\"https:\/\/kingbaudouinstadium.be\/index.php\/2024\/07\/22\/bad-bunny-22-07-2026\/?lang=en\"]}]},{\"@type\":\"ImageObject\",\"inLanguage\":\"fr-FR\",\"@id\":\"https:\/\/kingbaudouinstadium.be\/index.php\/2024\/07\/22\/bad-bunny-22-07-2026\/?lang=en#primaryimage\",\"url\":\"https:\/\/kingbaudouinstadium.be\/wp-content\/uploads\/2025\/05\/Bad-Bunny-300x300-1.png\",\"contentUrl\":\"https:\/\/kingbaudouinstadium.be\/wp-content\/uploads\/2025\/05\/Bad-Bunny-300x300-1.png\",\"width\":300,\"height\":300},{\"@type\":\"BreadcrumbList\",\"@id\":\"https:\/\/kingbaudouinstadium.be\/index.php\/2024\/07\/22\/bad-bunny-22-07-2026\/?lang=en#breadcrumb\",\"itemListElement\":[{\"@type\":\"ListItem\",\"position\":1,\"name\":\"Home\",\"item\":\"https:\/\/kingbaudouinstadium.be\/\"},{\"@type\":\"ListItem\",\"position\":2,\"name\":\"Bad Bunny (22\/07\/2026)\"}]},{\"@type\":\"WebSite\",\"@id\":\"https:\/\/kingbaudouinstadium.be\/#website\",\"url\":\"https:\/\/kingbaudouinstadium.be\/\",\"name\":\"King Baudouin Stadium\",\"description\":\"The Stadium To Feel\",\"publisher\":{\"@id\":\"https:\/\/kingbaudouinstadium.be\/#organization\"},\"potentialAction\":[{\"@type\":\"SearchAction\",\"target\":{\"@type\":\"EntryPoint\",\"urlTemplate\":\"https:\/\/kingbaudouinstadium.be\/?s={search_term_string}\"},\"query-input\":{\"@type\":\"PropertyValueSpecification\",\"valueRequired\":true,\"valueName\":\"search_term_string\"}}],\"inLanguage\":\"fr-FR\"},{\"@type\":\"Organization\",\"@id\":\"https:\/\/kingbaudouinstadium.be\/#organization\",\"name\":\"King Baudouin Stadium\",\"url\":\"https:\/\/kingbaudouinstadium.be\/\",\"logo\":{\"@type\":\"ImageObject\",\"inLanguage\":\"fr-FR\",\"@id\":\"https:\/\/kingbaudouinstadium.be\/#\/schema\/logo\/image\/\",\"url\":\"https:\/\/kingbaudouinstadium.be\/wp-content\/uploads\/2023\/03\/Logo_King_Baudouin_B_Black.png\",\"contentUrl\":\"https:\/\/kingbaudouinstadium.be\/wp-content\/uploads\/2023\/03\/Logo_King_Baudouin_B_Black.png\",\"width\":1486,\"height\":2294,\"caption\":\"King Baudouin Stadium\"},\"image\":{\"@id\":\"https:\/\/kingbaudouinstadium.be\/#\/schema\/logo\/image\/\"},\"sameAs\":[\"https:\/\/www.facebook.com\/StadeRoiBaudouin.KoningBoudewijnStadion\",\"https:\/\/www.instagram.com\/kingbaudouinstadium\/\"]},{\"@type\":\"Person\",\"@id\":\"https:\/\/kingbaudouinstadium.be\/#\/schema\/person\/76285b006f4f9d75389a8e071d710c5f\",\"name\":\"communication\",\"image\":{\"@type\":\"ImageObject\",\"inLanguage\":\"fr-FR\",\"@id\":\"https:\/\/kingbaudouinstadium.be\/#\/schema\/person\/image\/\",\"url\":\"https:\/\/secure.gravatar.com\/avatar\/3586808fd6c8ff797e026c8717d3e320?s=96&d=mm&r=g\",\"contentUrl\":\"https:\/\/secure.gravatar.com\/avatar\/3586808fd6c8ff797e026c8717d3e320?s=96&d=mm&r=g\",\"caption\":\"communication\"},\"sameAs\":[\"https:\/\/kingbaudouinstadium.be\"],\"url\":\"https:\/\/kingbaudouinstadium.be\/index.php\/author\/communication\/\"}]}<\/script>\n<!-- \/ Yoast SEO plugin. -->","yoast_head_json":{"title":"Bad Bunny (22\/07\/2026) - King Baudouin Stadium","robots":{"index":"index","follow":"follow","max-snippet":"max-snippet:-1","max-image-preview":"max-image-preview:large","max-video-preview":"max-video-preview:-1"},"canonical":"https:\/\/kingbaudouinstadium.be\/index.php\/2024\/07\/22\/bad-bunny-22-07-2026\/","og_locale":"fr_FR","og_type":"article","og_title":"Bad Bunny (22\/07\/2026) - King Baudouin Stadium","og_description":"DeB\u00cd TiRAR M\u00e1S FOToS World Tour Bad Bunny turns up the heat at King Baudouin Stadium! \u00a0\u00a1Atenci\u00f3n! Planning to escape to a tropical island next year? No need, because on Wednesday, 22 July 2026, Bad Bunny is bringing a slice of Puerto Rico to Brussels with his \u2018DeB\u00cd TiRAR M\u00e1S FOToS World Tour\u2019, lighting up [&hellip;]","og_url":"https:\/\/kingbaudouinstadium.be\/index.php\/2024\/07\/22\/bad-bunny-22-07-2026\/?lang=en","og_site_name":"King Baudouin Stadium","article_publisher":"https:\/\/www.facebook.com\/StadeRoiBaudouin.KoningBoudewijnStadion","article_published_time":"2024-07-22T09:00:39+00:00","article_modified_time":"2025-05-07T07:07:46+00:00","og_image":[{"width":300,"height":300,"url":"https:\/\/kingbaudouinstadium.be\/wp-content\/uploads\/2025\/05\/Bad-Bunny-300x300-1.png","type":"image\/png"}],"author":"communication","twitter_card":"summary_large_image","twitter_misc":{"\u00c9crit par":"communication","Dur\u00e9e de lecture estim\u00e9e":"3 minutes"},"schema":{"@context":"https:\/\/schema.org","@graph":[{"@type":"Article","@id":"https:\/\/kingbaudouinstadium.be\/index.php\/2024\/07\/22\/bad-bunny-22-07-2026\/?lang=en#article","isPartOf":{"@id":"https:\/\/kingbaudouinstadium.be\/index.php\/2024\/07\/22\/bad-bunny-22-07-2026\/?lang=en"},"author":{"name":"communication","@id":"https:\/\/kingbaudouinstadium.be\/#\/schema\/person\/76285b006f4f9d75389a8e071d710c5f"},"headline":"Bad Bunny (22\/07\/2026)","datePublished":"2024-07-22T09:00:39+00:00","dateModified":"2025-05-07T07:07:46+00:00","mainEntityOfPage":{"@id":"https:\/\/kingbaudouinstadium.be\/index.php\/2024\/07\/22\/bad-bunny-22-07-2026\/?lang=en"},"wordCount":574,"publisher":{"@id":"https:\/\/kingbaudouinstadium.be\/#organization"},"image":{"@id":"https:\/\/kingbaudouinstadium.be\/index.php\/2024\/07\/22\/bad-bunny-22-07-2026\/?lang=en#primaryimage"},"thumbnailUrl":"https:\/\/kingbaudouinstadium.be\/wp-content\/uploads\/2025\/05\/Bad-Bunny-300x300-1.png","articleSection":["Concerts"],"inLanguage":"fr-FR"},{"@type":"WebPage","@id":"https:\/\/kingbaudouinstadium.be\/index.php\/2024\/07\/22\/bad-bunny-22-07-2026\/?lang=en","url":"https:\/\/kingbaudouinstadium.be\/index.php\/2024\/07\/22\/bad-bunny-22-07-2026\/?lang=en","name":"Bad Bunny (22\/07\/2026) - King Baudouin Stadium","isPartOf":{"@id":"https:\/\/kingbaudouinstadium.be\/#website"},"primaryImageOfPage":{"@id":"https:\/\/kingbaudouinstadium.be\/index.php\/2024\/07\/22\/bad-bunny-22-07-2026\/?lang=en#primaryimage"},"image":{"@id":"https:\/\/kingbaudouinstadium.be\/index.php\/2024\/07\/22\/bad-bunny-22-07-2026\/?lang=en#primaryimage"},"thumbnailUrl":"https:\/\/kingbaudouinstadium.be\/wp-content\/uploads\/2025\/05\/Bad-Bunny-300x300-1.png","datePublished":"2024-07-22T09:00:39+00:00","dateModified":"2025-05-07T07:07:46+00:00","breadcrumb":{"@id":"https:\/\/kingbaudouinstadium.be\/index.php\/2024\/07\/22\/bad-bunny-22-07-2026\/?lang=en#breadcrumb"},"inLanguage":"fr-FR","potentialAction":[{"@type":"ReadAction","target":["https:\/\/kingbaudouinstadium.be\/index.php\/2024\/07\/22\/bad-bunny-22-07-2026\/?lang=en"]}]},{"@type":"ImageObject","inLanguage":"fr-FR","@id":"https:\/\/kingbaudouinstadium.be\/index.php\/2024\/07\/22\/bad-bunny-22-07-2026\/?lang=en#primaryimage","url":"https:\/\/kingbaudouinstadium.be\/wp-content\/uploads\/2025\/05\/Bad-Bunny-300x300-1.png","contentUrl":"https:\/\/kingbaudouinstadium.be\/wp-content\/uploads\/2025\/05\/Bad-Bunny-300x300-1.png","width":300,"height":300},{"@type":"BreadcrumbList","@id":"https:\/\/kingbaudouinstadium.be\/index.php\/2024\/07\/22\/bad-bunny-22-07-2026\/?lang=en#breadcrumb","itemListElement":[{"@type":"ListItem","position":1,"name":"Home","item":"https:\/\/kingbaudouinstadium.be\/"},{"@type":"ListItem","position":2,"name":"Bad Bunny (22\/07\/2026)"}]},{"@type":"WebSite","@id":"https:\/\/kingbaudouinstadium.be\/#website","url":"https:\/\/kingbaudouinstadium.be\/","name":"King Baudouin Stadium","description":"The Stadium To Feel","publisher":{"@id":"https:\/\/kingbaudouinstadium.be\/#organization"},"potentialAction":[{"@type":"SearchAction","target":{"@type":"EntryPoint","urlTemplate":"https:\/\/kingbaudouinstadium.be\/?s={search_term_string}"},"query-input":{"@type":"PropertyValueSpecification","valueRequired":true,"valueName":"search_term_string"}}],"inLanguage":"fr-FR"},{"@type":"Organization","@id":"https:\/\/kingbaudouinstadium.be\/#organization","name":"King Baudouin Stadium","url":"https:\/\/kingbaudouinstadium.be\/","logo":{"@type":"ImageObject","inLanguage":"fr-FR","@id":"https:\/\/kingbaudouinstadium.be\/#\/schema\/logo\/image\/","url":"https:\/\/kingbaudouinstadium.be\/wp-content\/uploads\/2023\/03\/Logo_King_Baudouin_B_Black.png","contentUrl":"https:\/\/kingbaudouinstadium.be\/wp-content\/uploads\/2023\/03\/Logo_King_Baudouin_B_Black.png","width":1486,"height":2294,"caption":"King Baudouin Stadium"},"image":{"@id":"https:\/\/kingbaudouinstadium.be\/#\/schema\/logo\/image\/"},"sameAs":["https:\/\/www.facebook.com\/StadeRoiBaudouin.KoningBoudewijnStadion","https:\/\/www.instagram.com\/kingbaudouinstadium\/"]},{"@type":"Person","@id":"https:\/\/kingbaudouinstadium.be\/#\/schema\/person\/76285b006f4f9d75389a8e071d710c5f","name":"communication","image":{"@type":"ImageObject","inLanguage":"fr-FR","@id":"https:\/\/kingbaudouinstadium.be\/#\/schema\/person\/image\/","url":"https:\/\/secure.gravatar.com\/avatar\/3586808fd6c8ff797e026c8717d3e320?s=96&d=mm&r=g","contentUrl":"https:\/\/secure.gravatar.com\/avatar\/3586808fd6c8ff797e026c8717d3e320?s=96&d=mm&r=g","caption":"communication"},"sameAs":["https:\/\/kingbaudouinstadium.be"],"url":"https:\/\/kingbaudouinstadium.be\/index.php\/author\/communication\/"}]}},"_links":{"self":[{"href":"https:\/\/kingbaudouinstadium.be\/index.php\/wp-json\/wp\/v2\/posts\/5052"}],"collection":[{"href":"https:\/\/kingbaudouinstadium.be\/index.php\/wp-json\/wp\/v2\/posts"}],"about":[{"href":"https:\/\/kingbaudouinstadium.be\/index.php\/wp-json\/wp\/v2\/types\/post"}],"author":[{"embeddable":true,"href":"https:\/\/kingbaudouinstadium.be\/index.php\/wp-json\/wp\/v2\/users\/1"}],"replies":[{"embeddable":true,"href":"https:\/\/kingbaudouinstadium.be\/index.php\/wp-json\/wp\/v2\/comments?post=5052"}],"version-history":[{"count":17,"href":"https:\/\/kingbaudouinstadium.be\/index.php\/wp-json\/wp\/v2\/posts\/5052\/revisions"}],"predecessor-version":[{"id":5093,"href":"https:\/\/kingbaudouinstadium.be\/index.php\/wp-json\/wp\/v2\/posts\/5052\/revisions\/5093"}],"wp:featuredmedia":[{"embeddable":true,"href":"https:\/\/kingbaudouinstadium.be\/index.php\/wp-json\/wp\/v2\/media\/5036"}],"wp:attachment":[{"href":"https:\/\/kingbaudouinstadium.be\/index.php\/wp-json\/wp\/v2\/media?parent=5052"}],"wp:term":[{"taxonomy":"category","embeddable":true,"href":"https:\/\/kingbaudouinstadium.be\/index.php\/wp-json\/wp\/v2\/categories?post=5052"},{"taxonomy":"post_tag","embeddable":true,"href":"https:\/\/kingbaudouinstadium.be\/index.php\/wp-json\/wp\/v2\/tags?post=5052"}],"curies":[{"name":"wp","href":"https:\/\/api.w.org\/{rel}","templated":true}]}}