{"id":5300,"date":"2025-07-01T10:04:23","date_gmt":"2025-07-01T08:04:23","guid":{"rendered":"https:\/\/kingbaudouinstadium.be\/?p=5300"},"modified":"2026-01-26T16:24:39","modified_gmt":"2026-01-26T15:24:39","slug":"bts01-02-07-2026","status":"publish","type":"post","link":"https:\/\/kingbaudouinstadium.be\/index.php\/2025\/07\/01\/bts01-02-07-2026\/?lang=en","title":{"rendered":"BTS WORLD TOUR \u2018ARIRANG&#8217; (01-02\/07\/2026)"},"content":{"rendered":"\t\t<div data-elementor-type=\"wp-post\" data-elementor-id=\"5300\" class=\"elementor elementor-5300\">\n\t\t\t\t\t\t<section class=\"elementor-section elementor-top-section elementor-element elementor-element-19a2f7ac elementor-section-boxed elementor-section-height-default elementor-section-height-default\" data-id=\"19a2f7ac\" data-element_type=\"section\">\r\n\t\t\r\n\t\t\t\t\t\t\t<div class=\"elementor-container elementor-column-gap-default\">\r\n\t\t\t\t\t\t\t\t\t\t\t<div class=\"elementor-column elementor-col-100 elementor-top-column elementor-element elementor-element-45297d7\" data-id=\"45297d7\" data-element_type=\"column\">\r\n\t\t\t\t\t<div class=\"elementor-widget-wrap elementor-element-populated\">\r\n\t\t\t\t\t\t\t\t<div class=\"elementor-element elementor-element-232e5bf4 elementor-widget elementor-widget-text-editor\" data-id=\"232e5bf4\" data-element_type=\"widget\" data-widget_type=\"text-editor.default\">\n\t\t\t\t<div class=\"elementor-widget-container\">\n\t\t\t\t\t\t\t<p><!-- wp:paragraph --><\/p>\n<p><!--StartFragment--><span data-olk-copy-source=\"MessageBody\" style=\"font-size: 11pt;\">BTS WORLD TOUR \u2018ARIRANG&#8217; IN BRUSSELS<\/span><!--EndFragment--><\/p>\n<p><!-- \/wp:paragraph --><\/p>\t\t\t\t\t\t<\/div>\n\t\t\t\t<\/div>\n\t\t\t\t\t<\/div>\r\n\t\t\t\t<\/div>\r\n\t\t\t\t\t<\/div>\r\n\t\t\t\t<\/section>\r\n\t\t\t\t<section class=\"elementor-section elementor-top-section elementor-element elementor-element-4237737 elementor-section-boxed elementor-section-height-default elementor-section-height-default\" data-id=\"4237737\" data-element_type=\"section\">\r\n\t\t\r\n\t\t\t\t\t\t\t<div class=\"elementor-container elementor-column-gap-default\">\r\n\t\t\t\t\t\t\t\t\t\t\t<div class=\"elementor-column elementor-col-100 elementor-top-column elementor-element elementor-element-f785fb8\" data-id=\"f785fb8\" data-element_type=\"column\">\r\n\t\t\t\t\t<div class=\"elementor-widget-wrap elementor-element-populated\">\r\n\t\t\t\t\t\t\t\t<div class=\"elementor-element elementor-element-49e94f2 elementor-widget elementor-widget-image\" data-id=\"49e94f2\" data-element_type=\"widget\" data-widget_type=\"image.default\">\n\t\t\t\t<div class=\"elementor-widget-container\">\n\t\t\t\t\t\t\t\t\t\t\t\t\t<img fetchpriority=\"high\" decoding=\"async\" width=\"768\" height=\"432\" src=\"https:\/\/kingbaudouinstadium.be\/wp-content\/uploads\/2026\/01\/Static_TM-ArtistImage_2426x1365_Elephant_2026_Photo-768x432.jpg\" class=\"attachment-medium_large size-medium_large wp-image-5270\" alt=\"\" srcset=\"https:\/\/kingbaudouinstadium.be\/wp-content\/uploads\/2026\/01\/Static_TM-ArtistImage_2426x1365_Elephant_2026_Photo-768x432.jpg 768w, https:\/\/kingbaudouinstadium.be\/wp-content\/uploads\/2026\/01\/Static_TM-ArtistImage_2426x1365_Elephant_2026_Photo-640x360.jpg 640w, https:\/\/kingbaudouinstadium.be\/wp-content\/uploads\/2026\/01\/Static_TM-ArtistImage_2426x1365_Elephant_2026_Photo-400x225.jpg 400w\" sizes=\"(max-width: 768px) 100vw, 768px\" \/>\t\t\t\t\t\t\t\t\t\t\t\t\t<\/div>\n\t\t\t\t<\/div>\n\t\t\t\t<div class=\"elementor-element elementor-element-e9e3017 elementor-widget elementor-widget-text-editor\" data-id=\"e9e3017\" data-element_type=\"widget\" data-widget_type=\"text-editor.default\">\n\t\t\t\t<div class=\"elementor-widget-container\">\n\t\t\t\t\t\t\t<p class=\"styles_headingTwo__PVB5O\"><strong>Wednesday, July 1 and Thursday, July 2, 2026, at King Baudouin Stadium, Brussels<\/strong><\/p>\n<p class=\"styles_paragraph__6o_o7\"><em>Mechelen, January 13, 2026<\/em>\u00a0&#8211;\u00a0<em>ARMY<\/em>, the time has finally come! Pop royalty\u00a0<strong>BTS<\/strong>\u00a0announces its long-awaited return with a new album and the biggest K-pop world tour ever, bringing them to Belgium for the very first time. On\u00a0<strong>Wednesday, July 1<\/strong>\u00a0<strong>and Thursday, July 2, 2026<\/strong>, the South Korean boy band will light up the\u00a0<strong>King Baudouin Stadium in<\/strong>\u00a0<strong>Brussels<\/strong>\u00a0like &#8220;dynamite&#8221;.\u00a0<strong>Tickets are available from Saturday, January 24 at 1 p.m. via\u00a0<\/strong><a class=\"styles_link__4YAiu\" href=\"https:\/\/www.livenation.be\/\" target=\"_blank\" rel=\"noopener noreferrer\"><strong>livenation.be<\/strong><\/a><strong>.<\/strong><\/p>\n<p class=\"styles_paragraph__6o_o7\">BTS, short for Bangtan Boys, Bangtan Sonyeondan or\u00a0\u201cBeyond the Scene\u201d, is a GRAMMY-nominated K-pop boy band consisting of RM, Jin, SUGA, j-hope, Jimin, V and Jung Kook. Since their debut in 2013, they have been winning the hearts of fans worldwide thanks to their authentic, self-produced music, impressive performances, and the close bond they share with their fans, also known as &#8216;ARMY&#8217;. Today, they are considered pop icons of the 21st century thanks to countless world records, sold-out stadium concerts, awards, and collabs with artists such as Coldplay.<\/p>\n<p class=\"styles_paragraph__6o_o7\">In 2022, the band announced a hiatus due to the seven members\u2019 mandatory military service. But now they\u2019re finally back! Their fifth studio album will be released on March 20, 2026, followed by what is already shaping up to be an iconic world tour. The comeback will take BTS to 79 stadiums in 2026 and 2027, with an impressive 360\u00b0 stage.<\/p>\n<p class=\"styles_paragraph__6o_o7\">Dust off your &#8216;Army Bomb&#8217; and get ready for an unforgettable first-ever BTS experience in Belgium!<\/p>\t\t\t\t\t\t<\/div>\n\t\t\t\t<\/div>\n\t\t\t\t\t<\/div>\r\n\t\t\t\t<\/div>\r\n\t\t\t\t\t<\/div>\r\n\t\t\t\t<\/section>\r\n\t\t\t\t<section class=\"elementor-section elementor-top-section elementor-element elementor-element-7ac4b03 elementor-section-boxed elementor-section-height-default elementor-section-height-default\" data-id=\"7ac4b03\" data-element_type=\"section\">\r\n\t\t\r\n\t\t\t\t\t\t\t<div class=\"elementor-container elementor-column-gap-default\">\r\n\t\t\t\t\t\t\t\t\t\t\t<div class=\"elementor-column elementor-col-100 elementor-top-column elementor-element elementor-element-99ae3f8\" data-id=\"99ae3f8\" data-element_type=\"column\">\r\n\t\t\t\t\t<div class=\"elementor-widget-wrap elementor-element-populated\">\r\n\t\t\t\t\t\t\t\t<div class=\"elementor-element elementor-element-455f228 elementor-widget elementor-widget-toggle\" data-id=\"455f228\" data-element_type=\"widget\" data-widget_type=\"toggle.default\">\n\t\t\t\t<div class=\"elementor-widget-container\">\n\t\t\t\t\t<div class=\"elementor-toggle\">\n\t\t\t\t\t\t\t<div class=\"elementor-toggle-item\">\n\t\t\t\t\t<div id=\"elementor-tab-title-7271\" class=\"elementor-tab-title\" data-tab=\"1\" role=\"button\" aria-controls=\"elementor-tab-content-7271\" aria-expanded=\"false\">\n\t\t\t\t\t\t\t\t\t\t\t\t<span class=\"elementor-toggle-icon elementor-toggle-icon-left\" aria-hidden=\"true\">\n\t\t\t\t\t\t\t\t\t\t\t\t\t\t\t<span class=\"elementor-toggle-icon-closed\"><i class=\"fas fa-caret-right\"><\/i><\/span>\n\t\t\t\t\t\t\t\t<span class=\"elementor-toggle-icon-opened\"><i class=\"elementor-toggle-icon-opened fas fa-caret-up\"><\/i><\/span>\n\t\t\t\t\t\t\t\t\t\t\t\t\t<\/span>\n\t\t\t\t\t\t\t\t\t\t\t\t<a class=\"elementor-toggle-title\" tabindex=\"0\">Tickets<\/a>\n\t\t\t\t\t<\/div>\n\n\t\t\t\t\t<div id=\"elementor-tab-content-7271\" class=\"elementor-tab-content elementor-clearfix\" data-tab=\"1\" role=\"region\" aria-labelledby=\"elementor-tab-title-7271\"><p>Tickets for the concerts are unfortunately sold out. In order to put yourself on the waiting list please use the following link :\u00a0<\/p>\n<p><a href=\"https:\/\/www.tmnwe.com\/tools\/ventelister\/show.php?event=ROI0107-2026&amp;market=be&amp;l=en\">https:\/\/www.tmnwe.com\/tools\/ventelister\/show.php?event=ROI0107-2026&amp;market=be&amp;l=en<\/a><br \/><br \/>Info Packages\u00a0 :\u00a0<\/p>\n<p><strong>The GA Soundcheck Package<\/strong> includes:<\/p>\n<p>\u2022 One general admission standing ticket to the show*<\/p>\n<p>\u2022 Access to the pre-show BTS soundcheck<\/p>\n<p>\u2022 Exclusive VIP gift item<\/p>\n<p>\u2022 VIP laminate and lanyard<\/p>\n<p>\u2022 Early entry to the venue<\/p>\n<p>\u2022 Designated check-in and on-site VIP event staff<\/p>\n<p>*GA entry will be randomized. Unofficial number system will not be honored.<\/p>\n<p>*There is no separate area for package holders on the GA floor. If you miss the early entry, you will have to join the back of the queue behind regular ticket buyers.<\/p>\n<p><strong>The Soundcheck Package includes:<\/strong><\/p>\n<p>\u2022 One premium seated ticket to the show<\/p>\n<p>\u2022 Access to the pre-show BTS soundcheck*<\/p>\n<p>\u2022 Exclusive VIP gift item<\/p>\n<p>\u2022 VIP laminate and lanyard<\/p>\n<p>\u2022 Early entry to the venue<\/p>\n<p>\u2022 Designated check-in and on-site VIP event staff<\/p>\n<p>*You watch the soundcheck from your designated seat.<\/p><\/div>\n\t\t\t\t<\/div>\n\t\t\t\t\t\t\t<div class=\"elementor-toggle-item\">\n\t\t\t\t\t<div id=\"elementor-tab-title-7272\" class=\"elementor-tab-title\" data-tab=\"2\" role=\"button\" aria-controls=\"elementor-tab-content-7272\" aria-expanded=\"false\">\n\t\t\t\t\t\t\t\t\t\t\t\t<span class=\"elementor-toggle-icon elementor-toggle-icon-left\" aria-hidden=\"true\">\n\t\t\t\t\t\t\t\t\t\t\t\t\t\t\t<span class=\"elementor-toggle-icon-closed\"><i class=\"fas fa-caret-right\"><\/i><\/span>\n\t\t\t\t\t\t\t\t<span class=\"elementor-toggle-icon-opened\"><i class=\"elementor-toggle-icon-opened fas fa-caret-up\"><\/i><\/span>\n\t\t\t\t\t\t\t\t\t\t\t\t\t<\/span>\n\t\t\t\t\t\t\t\t\t\t\t\t<a class=\"elementor-toggle-title\" tabindex=\"0\">Schedule<\/a>\n\t\t\t\t\t<\/div>\n\n\t\t\t\t\t<div id=\"elementor-tab-content-7272\" class=\"elementor-tab-content elementor-clearfix\" data-tab=\"2\" role=\"region\" aria-labelledby=\"elementor-tab-title-7272\"><p>More information will be available soon.<\/p><\/div>\n\t\t\t\t<\/div>\n\t\t\t\t\t\t\t<div class=\"elementor-toggle-item\">\n\t\t\t\t\t<div id=\"elementor-tab-title-7273\" class=\"elementor-tab-title\" data-tab=\"3\" role=\"button\" aria-controls=\"elementor-tab-content-7273\" aria-expanded=\"false\">\n\t\t\t\t\t\t\t\t\t\t\t\t<span class=\"elementor-toggle-icon elementor-toggle-icon-left\" aria-hidden=\"true\">\n\t\t\t\t\t\t\t\t\t\t\t\t\t\t\t<span class=\"elementor-toggle-icon-closed\"><i class=\"fas fa-caret-right\"><\/i><\/span>\n\t\t\t\t\t\t\t\t<span class=\"elementor-toggle-icon-opened\"><i class=\"elementor-toggle-icon-opened fas fa-caret-up\"><\/i><\/span>\n\t\t\t\t\t\t\t\t\t\t\t\t\t<\/span>\n\t\t\t\t\t\t\t\t\t\t\t\t<a class=\"elementor-toggle-title\" tabindex=\"0\">People with Reduced Mobility<\/a>\n\t\t\t\t\t<\/div>\n\n\t\t\t\t\t<div id=\"elementor-tab-content-7273\" class=\"elementor-tab-content elementor-clearfix\" data-tab=\"3\" role=\"region\" aria-labelledby=\"elementor-tab-title-7273\"><p>Tickets for the wheelchair platform are now SOLD OUT. This means there are no more available spots on the platform. If you wish to join the waiting list for the wheelchair platform, you can fill out this <a href=\"https:\/\/www.ticketmasterbelgium.be\/prm\/?ref=53C6C2C2-7D55-4740-A427-0F57B2CB97A2&amp;lang=en\">form<\/a> for 1\/7 and this <a href=\"https:\/\/www.ticketmasterbelgium.be\/prm\/?ref=2EA21946-B11B-4B98-A096-18E4D3EE7541&amp;lang=en\">form<\/a> for 2\/7. If tickets become available, we will contact you.<\/p>\n<p>People who do not need access to the wheelchair platform but would like to use other accessibility facilities (reserved parking, alternative entrance, etc.) do not need special tickets. They should purchase regular tickets. Please make sure to request the necessary facilities in advance via this <a href=\"https:\/\/forms.office.com\/pages\/responsepage.aspx?id=2JdCyJFFrEuSWHeKMql31uZ7YSCN0WJMubLspTBGfSVURTRJNTlQTk4zM08zWk9ZUkQ0S0U0OEM2WSQlQCN0PWcu&amp;route=shorturl\">online request form<\/a>.<\/p>\n<p>Please submit all facility requests by 22 June 2026. For questions about accessibility facilities for people with disabilities, you can contact bts@inter.vlaanderen.<\/p>\n<p>\u00a0<\/p><\/div>\n\t\t\t\t<\/div>\n\t\t\t\t\t\t\t<div class=\"elementor-toggle-item\">\n\t\t\t\t\t<div id=\"elementor-tab-title-7274\" class=\"elementor-tab-title\" data-tab=\"4\" role=\"button\" aria-controls=\"elementor-tab-content-7274\" aria-expanded=\"false\">\n\t\t\t\t\t\t\t\t\t\t\t\t<span class=\"elementor-toggle-icon elementor-toggle-icon-left\" aria-hidden=\"true\">\n\t\t\t\t\t\t\t\t\t\t\t\t\t\t\t<span class=\"elementor-toggle-icon-closed\"><i class=\"fas fa-caret-right\"><\/i><\/span>\n\t\t\t\t\t\t\t\t<span class=\"elementor-toggle-icon-opened\"><i class=\"elementor-toggle-icon-opened fas fa-caret-up\"><\/i><\/span>\n\t\t\t\t\t\t\t\t\t\t\t\t\t<\/span>\n\t\t\t\t\t\t\t\t\t\t\t\t<a class=\"elementor-toggle-title\" tabindex=\"0\">Accessibility<\/a>\n\t\t\t\t\t<\/div>\n\n\t\t\t\t\t<div id=\"elementor-tab-content-7274\" class=\"elementor-tab-content elementor-clearfix\" data-tab=\"4\" role=\"region\" aria-labelledby=\"elementor-tab-title-7274\"><p>More information will be available soon<\/p>\n<p>Ticket holders will receive an e-mail from the organisers a few days before the event with all the practical information: schedule, access to the stadium, prohibited items, etc.\u00a0<\/p><\/div>\n\t\t\t\t<\/div>\n\t\t\t\t\t\t\t<div class=\"elementor-toggle-item\">\n\t\t\t\t\t<div id=\"elementor-tab-title-7275\" class=\"elementor-tab-title\" data-tab=\"5\" role=\"button\" aria-controls=\"elementor-tab-content-7275\" aria-expanded=\"false\">\n\t\t\t\t\t\t\t\t\t\t\t\t<span class=\"elementor-toggle-icon elementor-toggle-icon-left\" aria-hidden=\"true\">\n\t\t\t\t\t\t\t\t\t\t\t\t\t\t\t<span class=\"elementor-toggle-icon-closed\"><i class=\"fas fa-caret-right\"><\/i><\/span>\n\t\t\t\t\t\t\t\t<span class=\"elementor-toggle-icon-opened\"><i class=\"elementor-toggle-icon-opened fas fa-caret-up\"><\/i><\/span>\n\t\t\t\t\t\t\t\t\t\t\t\t\t<\/span>\n\t\t\t\t\t\t\t\t\t\t\t\t<a class=\"elementor-toggle-title\" tabindex=\"0\">Prohibited items<\/a>\n\t\t\t\t\t<\/div>\n\n\t\t\t\t\t<div id=\"elementor-tab-content-7275\" class=\"elementor-tab-content elementor-clearfix\" data-tab=\"5\" role=\"region\" aria-labelledby=\"elementor-tab-title-7275\"><p>More information will be available soon<\/p>\n<p>Ticket holders will receive an e-mail from the organisers a few days before the event with all the practical information: schedule, access to the stadium, prohibited items, etc.<\/p><\/div>\n\t\t\t\t<\/div>\n\t\t\t\t\t\t\t\t<\/div>\n\t\t\t\t<\/div>\n\t\t\t\t<\/div>\n\t\t\t\t\t<\/div>\r\n\t\t\t\t<\/div>\r\n\t\t\t\t\t<\/div>\r\n\t\t\t\t<\/section>\r\n\t\t\t\t<section class=\"elementor-section elementor-top-section elementor-element elementor-element-c37adb8 elementor-section-boxed elementor-section-height-default elementor-section-height-default\" data-id=\"c37adb8\" data-element_type=\"section\">\r\n\t\t\r\n\t\t\t\t\t\t\t<div class=\"elementor-container elementor-column-gap-default\">\r\n\t\t\t\t\t\t\t\t\t\t\t<div class=\"elementor-column elementor-col-100 elementor-top-column elementor-element elementor-element-559aca1\" data-id=\"559aca1\" data-element_type=\"column\">\r\n\t\t\t\t\t<div class=\"elementor-widget-wrap elementor-element-populated\">\r\n\t\t\t\t\t\t\t\t<div class=\"elementor-element elementor-element-f6afd4d elementor-widget elementor-widget-text-editor\" data-id=\"f6afd4d\" data-element_type=\"widget\" data-widget_type=\"text-editor.default\">\n\t\t\t\t<div class=\"elementor-widget-container\">\n\t\t\t\t\t\t\t<p><strong>Event organiser: <\/strong><a href=\"https:\/\/fr.livenation.be\/\" target=\"_blank\" rel=\"noopener\"><strong>Live Nation<\/strong><\/a><br \/>If you have any questions about this event (tickets, schedule, accessibility, etc.), please contact the organiser directly: <u>info@livenation.be<\/u><\/p>\n<p>\u00a0<\/p>\t\t\t\t\t\t<\/div>\n\t\t\t\t<\/div>\n\t\t\t\t\t<\/div>\r\n\t\t\t\t<\/div>\r\n\t\t\t\t\t<\/div>\r\n\t\t\t\t<\/section>\r\n\t\t\t\t<\/div>\n\t\t","protected":false},"excerpt":{"rendered":"<p>BTS WORLD TOUR \u2018ARIRANG&#8217; IN BRUSSELS Wednesday, July 1 and Thursday, July 2, 2026, at King Baudouin Stadium, Brussels Mechelen, January 13, 2026\u00a0&#8211;\u00a0ARMY, the time has finally come! Pop royalty\u00a0BTS\u00a0announces its long-awaited return with a new album and the biggest K-pop world tour ever, bringing them to Belgium for the very first time. On\u00a0Wednesday, July [&hellip;]<\/p>\n","protected":false},"author":1,"featured_media":5270,"comment_status":"closed","ping_status":"open","sticky":false,"template":"","format":"standard","meta":{"_monsterinsights_skip_tracking":false,"_monsterinsights_sitenote_active":false,"_monsterinsights_sitenote_note":"","_monsterinsights_sitenote_category":0,"footnotes":""},"categories":[13],"tags":[],"class_list":["post-5300","post","type-post","status-publish","format-standard","has-post-thumbnail","hentry","category-concerts"],"featured_image_src":{"landsacpe":["https:\/\/kingbaudouinstadium.be\/wp-content\/uploads\/2026\/01\/Static_TM-ArtistImage_2426x1365_Elephant_2026_Photo-1140x445.jpg",1140,445,true],"list":["https:\/\/kingbaudouinstadium.be\/wp-content\/uploads\/2026\/01\/Static_TM-ArtistImage_2426x1365_Elephant_2026_Photo-463x348.jpg",463,348,true],"medium":["https:\/\/kingbaudouinstadium.be\/wp-content\/uploads\/2026\/01\/Static_TM-ArtistImage_2426x1365_Elephant_2026_Photo-300x169.jpg",300,169,true],"full":["https:\/\/kingbaudouinstadium.be\/wp-content\/uploads\/2026\/01\/Static_TM-ArtistImage_2426x1365_Elephant_2026_Photo.jpg",2426,1365,false]},"yoast_head":"<!-- This site is optimized with the Yoast SEO plugin v23.6 - https:\/\/yoast.com\/wordpress\/plugins\/seo\/ -->\n<title>BTS WORLD TOUR \u2018ARIRANG&#039; (01-02\/07\/2026) - King Baudouin Stadium<\/title>\n<meta name=\"robots\" content=\"index, follow, max-snippet:-1, max-image-preview:large, max-video-preview:-1\" \/>\n<link rel=\"canonical\" href=\"https:\/\/kingbaudouinstadium.be\/index.php\/2025\/07\/01\/bts01-02-07-2026\/\" \/>\n<meta property=\"og:locale\" content=\"fr_FR\" \/>\n<meta property=\"og:type\" content=\"article\" \/>\n<meta property=\"og:title\" content=\"BTS WORLD TOUR \u2018ARIRANG&#039; (01-02\/07\/2026) - King Baudouin Stadium\" \/>\n<meta property=\"og:description\" content=\"BTS WORLD TOUR \u2018ARIRANG&#8217; IN BRUSSELS Wednesday, July 1 and Thursday, July 2, 2026, at King Baudouin Stadium, Brussels Mechelen, January 13, 2026\u00a0&#8211;\u00a0ARMY, the time has finally come! Pop royalty\u00a0BTS\u00a0announces its long-awaited return with a new album and the biggest K-pop world tour ever, bringing them to Belgium for the very first time. On\u00a0Wednesday, July [&hellip;]\" \/>\n<meta property=\"og:url\" content=\"https:\/\/kingbaudouinstadium.be\/index.php\/2025\/07\/01\/bts01-02-07-2026\/?lang=en\" \/>\n<meta property=\"og:site_name\" content=\"King Baudouin Stadium\" \/>\n<meta property=\"article:publisher\" content=\"https:\/\/www.facebook.com\/StadeRoiBaudouin.KoningBoudewijnStadion\" \/>\n<meta property=\"article:published_time\" content=\"2025-07-01T08:04:23+00:00\" \/>\n<meta property=\"article:modified_time\" content=\"2026-01-26T15:24:39+00:00\" \/>\n<meta property=\"og:image\" content=\"https:\/\/kingbaudouinstadium.be\/wp-content\/uploads\/2026\/01\/Static_TM-ArtistImage_2426x1365_Elephant_2026_Photo.jpg\" \/>\n\t<meta property=\"og:image:width\" content=\"2426\" \/>\n\t<meta property=\"og:image:height\" content=\"1365\" \/>\n\t<meta property=\"og:image:type\" content=\"image\/jpeg\" \/>\n<meta name=\"author\" content=\"communication\" \/>\n<meta name=\"twitter:card\" content=\"summary_large_image\" \/>\n<meta name=\"twitter:label1\" content=\"\u00c9crit par\" \/>\n\t<meta name=\"twitter:data1\" content=\"communication\" \/>\n\t<meta name=\"twitter:label2\" content=\"Dur\u00e9e de lecture estim\u00e9e\" \/>\n\t<meta name=\"twitter:data2\" content=\"4 minutes\" \/>\n<script type=\"application\/ld+json\" class=\"yoast-schema-graph\">{\"@context\":\"https:\/\/schema.org\",\"@graph\":[{\"@type\":\"Article\",\"@id\":\"https:\/\/kingbaudouinstadium.be\/index.php\/2025\/07\/01\/bts01-02-07-2026\/?lang=en#article\",\"isPartOf\":{\"@id\":\"https:\/\/kingbaudouinstadium.be\/index.php\/2025\/07\/01\/bts01-02-07-2026\/?lang=en\"},\"author\":{\"name\":\"communication\",\"@id\":\"https:\/\/kingbaudouinstadium.be\/#\/schema\/person\/76285b006f4f9d75389a8e071d710c5f\"},\"headline\":\"BTS WORLD TOUR \u2018ARIRANG&#8217; (01-02\/07\/2026)\",\"datePublished\":\"2025-07-01T08:04:23+00:00\",\"dateModified\":\"2026-01-26T15:24:39+00:00\",\"mainEntityOfPage\":{\"@id\":\"https:\/\/kingbaudouinstadium.be\/index.php\/2025\/07\/01\/bts01-02-07-2026\/?lang=en\"},\"wordCount\":647,\"publisher\":{\"@id\":\"https:\/\/kingbaudouinstadium.be\/#organization\"},\"image\":{\"@id\":\"https:\/\/kingbaudouinstadium.be\/index.php\/2025\/07\/01\/bts01-02-07-2026\/?lang=en#primaryimage\"},\"thumbnailUrl\":\"https:\/\/kingbaudouinstadium.be\/wp-content\/uploads\/2026\/01\/Static_TM-ArtistImage_2426x1365_Elephant_2026_Photo.jpg\",\"articleSection\":[\"Concerts\"],\"inLanguage\":\"fr-FR\"},{\"@type\":\"WebPage\",\"@id\":\"https:\/\/kingbaudouinstadium.be\/index.php\/2025\/07\/01\/bts01-02-07-2026\/?lang=en\",\"url\":\"https:\/\/kingbaudouinstadium.be\/index.php\/2025\/07\/01\/bts01-02-07-2026\/?lang=en\",\"name\":\"BTS WORLD TOUR \u2018ARIRANG' (01-02\/07\/2026) - King Baudouin Stadium\",\"isPartOf\":{\"@id\":\"https:\/\/kingbaudouinstadium.be\/#website\"},\"primaryImageOfPage\":{\"@id\":\"https:\/\/kingbaudouinstadium.be\/index.php\/2025\/07\/01\/bts01-02-07-2026\/?lang=en#primaryimage\"},\"image\":{\"@id\":\"https:\/\/kingbaudouinstadium.be\/index.php\/2025\/07\/01\/bts01-02-07-2026\/?lang=en#primaryimage\"},\"thumbnailUrl\":\"https:\/\/kingbaudouinstadium.be\/wp-content\/uploads\/2026\/01\/Static_TM-ArtistImage_2426x1365_Elephant_2026_Photo.jpg\",\"datePublished\":\"2025-07-01T08:04:23+00:00\",\"dateModified\":\"2026-01-26T15:24:39+00:00\",\"breadcrumb\":{\"@id\":\"https:\/\/kingbaudouinstadium.be\/index.php\/2025\/07\/01\/bts01-02-07-2026\/?lang=en#breadcrumb\"},\"inLanguage\":\"fr-FR\",\"potentialAction\":[{\"@type\":\"ReadAction\",\"target\":[\"https:\/\/kingbaudouinstadium.be\/index.php\/2025\/07\/01\/bts01-02-07-2026\/?lang=en\"]}]},{\"@type\":\"ImageObject\",\"inLanguage\":\"fr-FR\",\"@id\":\"https:\/\/kingbaudouinstadium.be\/index.php\/2025\/07\/01\/bts01-02-07-2026\/?lang=en#primaryimage\",\"url\":\"https:\/\/kingbaudouinstadium.be\/wp-content\/uploads\/2026\/01\/Static_TM-ArtistImage_2426x1365_Elephant_2026_Photo.jpg\",\"contentUrl\":\"https:\/\/kingbaudouinstadium.be\/wp-content\/uploads\/2026\/01\/Static_TM-ArtistImage_2426x1365_Elephant_2026_Photo.jpg\",\"width\":2426,\"height\":1365},{\"@type\":\"BreadcrumbList\",\"@id\":\"https:\/\/kingbaudouinstadium.be\/index.php\/2025\/07\/01\/bts01-02-07-2026\/?lang=en#breadcrumb\",\"itemListElement\":[{\"@type\":\"ListItem\",\"position\":1,\"name\":\"Home\",\"item\":\"https:\/\/kingbaudouinstadium.be\/\"},{\"@type\":\"ListItem\",\"position\":2,\"name\":\"BTS WORLD TOUR \u2018ARIRANG&#8217; (01-02\/07\/2026)\"}]},{\"@type\":\"WebSite\",\"@id\":\"https:\/\/kingbaudouinstadium.be\/#website\",\"url\":\"https:\/\/kingbaudouinstadium.be\/\",\"name\":\"King Baudouin Stadium\",\"description\":\"The Stadium To Feel\",\"publisher\":{\"@id\":\"https:\/\/kingbaudouinstadium.be\/#organization\"},\"potentialAction\":[{\"@type\":\"SearchAction\",\"target\":{\"@type\":\"EntryPoint\",\"urlTemplate\":\"https:\/\/kingbaudouinstadium.be\/?s={search_term_string}\"},\"query-input\":{\"@type\":\"PropertyValueSpecification\",\"valueRequired\":true,\"valueName\":\"search_term_string\"}}],\"inLanguage\":\"fr-FR\"},{\"@type\":\"Organization\",\"@id\":\"https:\/\/kingbaudouinstadium.be\/#organization\",\"name\":\"King Baudouin Stadium\",\"url\":\"https:\/\/kingbaudouinstadium.be\/\",\"logo\":{\"@type\":\"ImageObject\",\"inLanguage\":\"fr-FR\",\"@id\":\"https:\/\/kingbaudouinstadium.be\/#\/schema\/logo\/image\/\",\"url\":\"https:\/\/kingbaudouinstadium.be\/wp-content\/uploads\/2023\/03\/Logo_King_Baudouin_B_Black.png\",\"contentUrl\":\"https:\/\/kingbaudouinstadium.be\/wp-content\/uploads\/2023\/03\/Logo_King_Baudouin_B_Black.png\",\"width\":1486,\"height\":2294,\"caption\":\"King Baudouin Stadium\"},\"image\":{\"@id\":\"https:\/\/kingbaudouinstadium.be\/#\/schema\/logo\/image\/\"},\"sameAs\":[\"https:\/\/www.facebook.com\/StadeRoiBaudouin.KoningBoudewijnStadion\",\"https:\/\/www.instagram.com\/kingbaudouinstadium\/\"]},{\"@type\":\"Person\",\"@id\":\"https:\/\/kingbaudouinstadium.be\/#\/schema\/person\/76285b006f4f9d75389a8e071d710c5f\",\"name\":\"communication\",\"image\":{\"@type\":\"ImageObject\",\"inLanguage\":\"fr-FR\",\"@id\":\"https:\/\/kingbaudouinstadium.be\/#\/schema\/person\/image\/\",\"url\":\"https:\/\/secure.gravatar.com\/avatar\/3586808fd6c8ff797e026c8717d3e320?s=96&d=mm&r=g\",\"contentUrl\":\"https:\/\/secure.gravatar.com\/avatar\/3586808fd6c8ff797e026c8717d3e320?s=96&d=mm&r=g\",\"caption\":\"communication\"},\"sameAs\":[\"https:\/\/kingbaudouinstadium.be\"],\"url\":\"https:\/\/kingbaudouinstadium.be\/index.php\/author\/communication\/\"}]}<\/script>\n<!-- \/ Yoast SEO plugin. -->","yoast_head_json":{"title":"BTS WORLD TOUR \u2018ARIRANG' (01-02\/07\/2026) - King Baudouin Stadium","robots":{"index":"index","follow":"follow","max-snippet":"max-snippet:-1","max-image-preview":"max-image-preview:large","max-video-preview":"max-video-preview:-1"},"canonical":"https:\/\/kingbaudouinstadium.be\/index.php\/2025\/07\/01\/bts01-02-07-2026\/","og_locale":"fr_FR","og_type":"article","og_title":"BTS WORLD TOUR \u2018ARIRANG' (01-02\/07\/2026) - King Baudouin Stadium","og_description":"BTS WORLD TOUR \u2018ARIRANG&#8217; IN BRUSSELS Wednesday, July 1 and Thursday, July 2, 2026, at King Baudouin Stadium, Brussels Mechelen, January 13, 2026\u00a0&#8211;\u00a0ARMY, the time has finally come! Pop royalty\u00a0BTS\u00a0announces its long-awaited return with a new album and the biggest K-pop world tour ever, bringing them to Belgium for the very first time. On\u00a0Wednesday, July [&hellip;]","og_url":"https:\/\/kingbaudouinstadium.be\/index.php\/2025\/07\/01\/bts01-02-07-2026\/?lang=en","og_site_name":"King Baudouin Stadium","article_publisher":"https:\/\/www.facebook.com\/StadeRoiBaudouin.KoningBoudewijnStadion","article_published_time":"2025-07-01T08:04:23+00:00","article_modified_time":"2026-01-26T15:24:39+00:00","og_image":[{"width":2426,"height":1365,"url":"https:\/\/kingbaudouinstadium.be\/wp-content\/uploads\/2026\/01\/Static_TM-ArtistImage_2426x1365_Elephant_2026_Photo.jpg","type":"image\/jpeg"}],"author":"communication","twitter_card":"summary_large_image","twitter_misc":{"\u00c9crit par":"communication","Dur\u00e9e de lecture estim\u00e9e":"4 minutes"},"schema":{"@context":"https:\/\/schema.org","@graph":[{"@type":"Article","@id":"https:\/\/kingbaudouinstadium.be\/index.php\/2025\/07\/01\/bts01-02-07-2026\/?lang=en#article","isPartOf":{"@id":"https:\/\/kingbaudouinstadium.be\/index.php\/2025\/07\/01\/bts01-02-07-2026\/?lang=en"},"author":{"name":"communication","@id":"https:\/\/kingbaudouinstadium.be\/#\/schema\/person\/76285b006f4f9d75389a8e071d710c5f"},"headline":"BTS WORLD TOUR \u2018ARIRANG&#8217; (01-02\/07\/2026)","datePublished":"2025-07-01T08:04:23+00:00","dateModified":"2026-01-26T15:24:39+00:00","mainEntityOfPage":{"@id":"https:\/\/kingbaudouinstadium.be\/index.php\/2025\/07\/01\/bts01-02-07-2026\/?lang=en"},"wordCount":647,"publisher":{"@id":"https:\/\/kingbaudouinstadium.be\/#organization"},"image":{"@id":"https:\/\/kingbaudouinstadium.be\/index.php\/2025\/07\/01\/bts01-02-07-2026\/?lang=en#primaryimage"},"thumbnailUrl":"https:\/\/kingbaudouinstadium.be\/wp-content\/uploads\/2026\/01\/Static_TM-ArtistImage_2426x1365_Elephant_2026_Photo.jpg","articleSection":["Concerts"],"inLanguage":"fr-FR"},{"@type":"WebPage","@id":"https:\/\/kingbaudouinstadium.be\/index.php\/2025\/07\/01\/bts01-02-07-2026\/?lang=en","url":"https:\/\/kingbaudouinstadium.be\/index.php\/2025\/07\/01\/bts01-02-07-2026\/?lang=en","name":"BTS WORLD TOUR \u2018ARIRANG' (01-02\/07\/2026) - King Baudouin Stadium","isPartOf":{"@id":"https:\/\/kingbaudouinstadium.be\/#website"},"primaryImageOfPage":{"@id":"https:\/\/kingbaudouinstadium.be\/index.php\/2025\/07\/01\/bts01-02-07-2026\/?lang=en#primaryimage"},"image":{"@id":"https:\/\/kingbaudouinstadium.be\/index.php\/2025\/07\/01\/bts01-02-07-2026\/?lang=en#primaryimage"},"thumbnailUrl":"https:\/\/kingbaudouinstadium.be\/wp-content\/uploads\/2026\/01\/Static_TM-ArtistImage_2426x1365_Elephant_2026_Photo.jpg","datePublished":"2025-07-01T08:04:23+00:00","dateModified":"2026-01-26T15:24:39+00:00","breadcrumb":{"@id":"https:\/\/kingbaudouinstadium.be\/index.php\/2025\/07\/01\/bts01-02-07-2026\/?lang=en#breadcrumb"},"inLanguage":"fr-FR","potentialAction":[{"@type":"ReadAction","target":["https:\/\/kingbaudouinstadium.be\/index.php\/2025\/07\/01\/bts01-02-07-2026\/?lang=en"]}]},{"@type":"ImageObject","inLanguage":"fr-FR","@id":"https:\/\/kingbaudouinstadium.be\/index.php\/2025\/07\/01\/bts01-02-07-2026\/?lang=en#primaryimage","url":"https:\/\/kingbaudouinstadium.be\/wp-content\/uploads\/2026\/01\/Static_TM-ArtistImage_2426x1365_Elephant_2026_Photo.jpg","contentUrl":"https:\/\/kingbaudouinstadium.be\/wp-content\/uploads\/2026\/01\/Static_TM-ArtistImage_2426x1365_Elephant_2026_Photo.jpg","width":2426,"height":1365},{"@type":"BreadcrumbList","@id":"https:\/\/kingbaudouinstadium.be\/index.php\/2025\/07\/01\/bts01-02-07-2026\/?lang=en#breadcrumb","itemListElement":[{"@type":"ListItem","position":1,"name":"Home","item":"https:\/\/kingbaudouinstadium.be\/"},{"@type":"ListItem","position":2,"name":"BTS WORLD TOUR \u2018ARIRANG&#8217; (01-02\/07\/2026)"}]},{"@type":"WebSite","@id":"https:\/\/kingbaudouinstadium.be\/#website","url":"https:\/\/kingbaudouinstadium.be\/","name":"King Baudouin Stadium","description":"The Stadium To Feel","publisher":{"@id":"https:\/\/kingbaudouinstadium.be\/#organization"},"potentialAction":[{"@type":"SearchAction","target":{"@type":"EntryPoint","urlTemplate":"https:\/\/kingbaudouinstadium.be\/?s={search_term_string}"},"query-input":{"@type":"PropertyValueSpecification","valueRequired":true,"valueName":"search_term_string"}}],"inLanguage":"fr-FR"},{"@type":"Organization","@id":"https:\/\/kingbaudouinstadium.be\/#organization","name":"King Baudouin Stadium","url":"https:\/\/kingbaudouinstadium.be\/","logo":{"@type":"ImageObject","inLanguage":"fr-FR","@id":"https:\/\/kingbaudouinstadium.be\/#\/schema\/logo\/image\/","url":"https:\/\/kingbaudouinstadium.be\/wp-content\/uploads\/2023\/03\/Logo_King_Baudouin_B_Black.png","contentUrl":"https:\/\/kingbaudouinstadium.be\/wp-content\/uploads\/2023\/03\/Logo_King_Baudouin_B_Black.png","width":1486,"height":2294,"caption":"King Baudouin Stadium"},"image":{"@id":"https:\/\/kingbaudouinstadium.be\/#\/schema\/logo\/image\/"},"sameAs":["https:\/\/www.facebook.com\/StadeRoiBaudouin.KoningBoudewijnStadion","https:\/\/www.instagram.com\/kingbaudouinstadium\/"]},{"@type":"Person","@id":"https:\/\/kingbaudouinstadium.be\/#\/schema\/person\/76285b006f4f9d75389a8e071d710c5f","name":"communication","image":{"@type":"ImageObject","inLanguage":"fr-FR","@id":"https:\/\/kingbaudouinstadium.be\/#\/schema\/person\/image\/","url":"https:\/\/secure.gravatar.com\/avatar\/3586808fd6c8ff797e026c8717d3e320?s=96&d=mm&r=g","contentUrl":"https:\/\/secure.gravatar.com\/avatar\/3586808fd6c8ff797e026c8717d3e320?s=96&d=mm&r=g","caption":"communication"},"sameAs":["https:\/\/kingbaudouinstadium.be"],"url":"https:\/\/kingbaudouinstadium.be\/index.php\/author\/communication\/"}]}},"_links":{"self":[{"href":"https:\/\/kingbaudouinstadium.be\/index.php\/wp-json\/wp\/v2\/posts\/5300"}],"collection":[{"href":"https:\/\/kingbaudouinstadium.be\/index.php\/wp-json\/wp\/v2\/posts"}],"about":[{"href":"https:\/\/kingbaudouinstadium.be\/index.php\/wp-json\/wp\/v2\/types\/post"}],"author":[{"embeddable":true,"href":"https:\/\/kingbaudouinstadium.be\/index.php\/wp-json\/wp\/v2\/users\/1"}],"replies":[{"embeddable":true,"href":"https:\/\/kingbaudouinstadium.be\/index.php\/wp-json\/wp\/v2\/comments?post=5300"}],"version-history":[{"count":11,"href":"https:\/\/kingbaudouinstadium.be\/index.php\/wp-json\/wp\/v2\/posts\/5300\/revisions"}],"predecessor-version":[{"id":5376,"href":"https:\/\/kingbaudouinstadium.be\/index.php\/wp-json\/wp\/v2\/posts\/5300\/revisions\/5376"}],"wp:featuredmedia":[{"embeddable":true,"href":"https:\/\/kingbaudouinstadium.be\/index.php\/wp-json\/wp\/v2\/media\/5270"}],"wp:attachment":[{"href":"https:\/\/kingbaudouinstadium.be\/index.php\/wp-json\/wp\/v2\/media?parent=5300"}],"wp:term":[{"taxonomy":"category","embeddable":true,"href":"https:\/\/kingbaudouinstadium.be\/index.php\/wp-json\/wp\/v2\/categories?post=5300"},{"taxonomy":"post_tag","embeddable":true,"href":"https:\/\/kingbaudouinstadium.be\/index.php\/wp-json\/wp\/v2\/tags?post=5300"}],"curies":[{"name":"wp","href":"https:\/\/api.w.org\/{rel}","templated":true}]}}